{"id":2953,"date":"2020-04-06T01:00:00","date_gmt":"2020-04-06T04:00:00","guid":{"rendered":"https:\/\/wandilsonramalho.com.br\/blog\/?p=2953"},"modified":"2020-04-05T16:20:57","modified_gmt":"2020-04-05T19:20:57","slug":"semana-santa","status":"publish","type":"post","link":"https:\/\/wandilsonramalho.com.br\/blog\/?p=2953","title":{"rendered":"SEMANA SANTA .."},"content":{"rendered":"\n<p>Estamos na Semana Santa \u00e9 o per\u00edodo sagrado que relembra os \u00faltimos acontecimentos na vida de Cristo antes da ressurrei\u00e7\u00e3o.<\/p>\n\n\n\n<p>Celebrar a <strong>Paix\u00e3o de Cristo<\/strong>..<\/p>\n\n\n\n<p>Ontem , foi Domingo de  Ramos que celebra  a <strong>chegada de Jesus Cristo em Jerusal\u00e9m<\/strong>, ap\u00f3s 40 dias jejuando no deserto. <\/p>\n\n\n\n<p>Ele entrou na cidade sagrada montado em um jumento (s\u00edmbolo da humildade).<\/p>\n\n\n\n<p>Hoje, o segundo dia da Semana Santa , foi um momento de descanso para Jesus. <\/p>\n\n\n\n<p>O Papa Francisco presidiu ontem a <a href=\"https:\/\/www.acidigital.com\/fiestas\/eucaristia\/index.html\">Missa<\/a> do <a href=\"https:\/\/www.acidigital.com\/fiestas\/semanasanta\/ramos.htm\">Domingo de Ramos<\/a> no interior da Bas\u00edlica de S\u00e3o Pedro do Vaticano, e n\u00e3o na Pra\u00e7a, devido \u00e0 pandemia do coronav\u00edrus COVID-19.<\/p>\n\n\n\n<p>Veja alguns trechos de sua homilia ..<\/p>\n\n\n\n<p>\u201cHoje, no drama da pandemia, perante tantas certezas que se desmoronam, diante de tantas expectativas , no sentido de abandono que nos aperta o cora\u00e7\u00e3o, Jesus diz a cada um: \u2018Coragem! Abre o cora\u00e7\u00e3o ao meu amor. Sentir\u00e1s a consola\u00e7\u00e3o de Deus, que te sustenta\u2019\u201d.<\/p>\n\n\n\n<p>&#8221; E continua o Papa &#8220;Segundo o Evangelho de hoje, na cruz, Jesus diz uma frase, uma apenas: \u00abMeu Deus, meu Deus, porque Me abandonaste?\u00bb (Mt 27, 46).<\/p>\n\n\n\n<p>&#8220;O drama que estamos a atravessar neste per\u00edodo impele-nos a levar a s\u00e9rio o que \u00e9 s\u00e9rio, a n\u00e3o nos perdermos em coisas de pouco valor; a redescobrir que a vida n\u00e3o serve, se n\u00e3o se serve. Porque a vida mede-se pelo amor. Ent\u00e3o, nestes dias da Semana Santa, em casa, permane\u00e7amos diante do Crucificado \u2013 contemplai, contemplai o Crucificado! \u2013, medida do amor de Deus por n\u00f3s.&#8221;(fonte ACI Digital ).<\/p>\n","protected":false},"excerpt":{"rendered":"<p>Estamos na Semana Santa \u00e9 o per\u00edodo sagrado que relembra os \u00faltimos acontecimentos na vida de Cristo antes da ressurrei\u00e7\u00e3o. Celebrar a Paix\u00e3o de Cristo.. Ontem , foi Domingo de Ramos que celebra a chegada de Jesus Cristo em Jerusal\u00e9m, ap\u00f3s 40 dias jejuando no deserto. Ele entrou na cidade sagrada montado em um jumento <a href=\"https:\/\/wandilsonramalho.com.br\/blog\/?p=2953\">&#8230;<\/a><\/p>\n","protected":false},"author":2,"featured_media":2955,"comment_status":"open","ping_status":"open","sticky":false,"template":"","format":"standard","meta":{"_jetpack_memberships_contains_paid_content":false,"footnotes":""},"categories":[1],"tags":[],"class_list":["post-2953","post","type-post","status-publish","format-standard","has-post-thumbnail","hentry","category-uncategorized"],"jetpack_featured_media_url":"https:\/\/i0.wp.com\/wandilsonramalho.com.br\/blog\/wp-content\/uploads\/2020\/04\/nov-maos-ens-1.jpg?fit=532%2C480&ssl=1","jetpack_sharing_enabled":true,"_links":{"self":[{"href":"https:\/\/wandilsonramalho.com.br\/blog\/index.php?rest_route=\/wp\/v2\/posts\/2953","targetHints":{"allow":["GET"]}}],"collection":[{"href":"https:\/\/wandilsonramalho.com.br\/blog\/index.php?rest_route=\/wp\/v2\/posts"}],"about":[{"href":"https:\/\/wandilsonramalho.com.br\/blog\/index.php?rest_route=\/wp\/v2\/types\/post"}],"author":[{"embeddable":true,"href":"https:\/\/wandilsonramalho.com.br\/blog\/index.php?rest_route=\/wp\/v2\/users\/2"}],"replies":[{"embeddable":true,"href":"https:\/\/wandilsonramalho.com.br\/blog\/index.php?rest_route=%2Fwp%2Fv2%2Fcomments&post=2953"}],"version-history":[{"count":1,"href":"https:\/\/wandilsonramalho.com.br\/blog\/index.php?rest_route=\/wp\/v2\/posts\/2953\/revisions"}],"predecessor-version":[{"id":2956,"href":"https:\/\/wandilsonramalho.com.br\/blog\/index.php?rest_route=\/wp\/v2\/posts\/2953\/revisions\/2956"}],"wp:featuredmedia":[{"embeddable":true,"href":"https:\/\/wandilsonramalho.com.br\/blog\/index.php?rest_route=\/wp\/v2\/media\/2955"}],"wp:attachment":[{"href":"https:\/\/wandilsonramalho.com.br\/blog\/index.php?rest_route=%2Fwp%2Fv2%2Fmedia&parent=2953"}],"wp:term":[{"taxonomy":"category","embeddable":true,"href":"https:\/\/wandilsonramalho.com.br\/blog\/index.php?rest_route=%2Fwp%2Fv2%2Fcategories&post=2953"},{"taxonomy":"post_tag","embeddable":true,"href":"https:\/\/wandilsonramalho.com.br\/blog\/index.php?rest_route=%2Fwp%2Fv2%2Ftags&post=2953"}],"curies":[{"name":"wp","href":"https:\/\/api.w.org\/{rel}","templated":true}]}}