{"id":2896,"date":"2020-04-02T01:35:00","date_gmt":"2020-04-02T04:35:00","guid":{"rendered":"https:\/\/wandilsonramalho.com.br\/blog\/?p=2896"},"modified":"2020-04-01T16:38:36","modified_gmt":"2020-04-01T19:38:36","slug":"padre-demetrio-reza-e-convida-voce","status":"publish","type":"post","link":"https:\/\/wandilsonramalho.com.br\/blog\/?p=2896","title":{"rendered":"PADRE DEMETRIO REZA E CONVIDA VOC\u00ca.."},"content":{"rendered":"\n<p>\u00d3 glorioso m\u00e1rtir S\u00e3o Sebasti\u00e3o, protegei-nos contra a peste, a fome e a guerra. <\/p>\n\n\n\n<p>N\u00f3s caraubenses temos muita f\u00e9 em Deus , em nosso padroeiro S\u00e3o Sebasti\u00e3o . E estamos a rezar .<\/p>\n\n\n\n<p>Diante deste quadro mundial de Pandemia o nosso Administrador Paroquial Padre Demetrio Junior todos os dias \u00e0s 18h30m rezando \u00a0via as redes sociais a ora\u00e7\u00e3o do nosso padroeiro S\u00e3o Sebasti\u00e3o . <\/p>\n\n\n\n<p>Convido a voc\u00ea a acessar e a rezar conosco .<\/p>\n","protected":false},"excerpt":{"rendered":"<p>\u00d3 glorioso m\u00e1rtir S\u00e3o Sebasti\u00e3o, protegei-nos contra a peste, a fome e a guerra. N\u00f3s caraubenses temos muita f\u00e9 em Deus , em nosso padroeiro S\u00e3o Sebasti\u00e3o . E estamos a rezar . Diante deste quadro mundial de Pandemia o nosso Administrador Paroquial Padre Demetrio Junior todos os dias \u00e0s 18h30m rezando \u00a0via as redes <a href=\"https:\/\/wandilsonramalho.com.br\/blog\/?p=2896\">&#8230;<\/a><\/p>\n","protected":false},"author":2,"featured_media":2897,"comment_status":"open","ping_status":"open","sticky":false,"template":"","format":"standard","meta":{"_jetpack_memberships_contains_paid_content":false,"footnotes":""},"categories":[18],"tags":[],"class_list":["post-2896","post","type-post","status-publish","format-standard","has-post-thumbnail","hentry","category-caraubas"],"jetpack_featured_media_url":"https:\/\/i0.wp.com\/wandilsonramalho.com.br\/blog\/wp-content\/uploads\/2020\/04\/91563485_2889777794447642_7518168534560538624_n.jpg?fit=845%2C930&ssl=1","jetpack_sharing_enabled":true,"_links":{"self":[{"href":"https:\/\/wandilsonramalho.com.br\/blog\/index.php?rest_route=\/wp\/v2\/posts\/2896","targetHints":{"allow":["GET"]}}],"collection":[{"href":"https:\/\/wandilsonramalho.com.br\/blog\/index.php?rest_route=\/wp\/v2\/posts"}],"about":[{"href":"https:\/\/wandilsonramalho.com.br\/blog\/index.php?rest_route=\/wp\/v2\/types\/post"}],"author":[{"embeddable":true,"href":"https:\/\/wandilsonramalho.com.br\/blog\/index.php?rest_route=\/wp\/v2\/users\/2"}],"replies":[{"embeddable":true,"href":"https:\/\/wandilsonramalho.com.br\/blog\/index.php?rest_route=%2Fwp%2Fv2%2Fcomments&post=2896"}],"version-history":[{"count":1,"href":"https:\/\/wandilsonramalho.com.br\/blog\/index.php?rest_route=\/wp\/v2\/posts\/2896\/revisions"}],"predecessor-version":[{"id":2898,"href":"https:\/\/wandilsonramalho.com.br\/blog\/index.php?rest_route=\/wp\/v2\/posts\/2896\/revisions\/2898"}],"wp:featuredmedia":[{"embeddable":true,"href":"https:\/\/wandilsonramalho.com.br\/blog\/index.php?rest_route=\/wp\/v2\/media\/2897"}],"wp:attachment":[{"href":"https:\/\/wandilsonramalho.com.br\/blog\/index.php?rest_route=%2Fwp%2Fv2%2Fmedia&parent=2896"}],"wp:term":[{"taxonomy":"category","embeddable":true,"href":"https:\/\/wandilsonramalho.com.br\/blog\/index.php?rest_route=%2Fwp%2Fv2%2Fcategories&post=2896"},{"taxonomy":"post_tag","embeddable":true,"href":"https:\/\/wandilsonramalho.com.br\/blog\/index.php?rest_route=%2Fwp%2Fv2%2Ftags&post=2896"}],"curies":[{"name":"wp","href":"https:\/\/api.w.org\/{rel}","templated":true}]}}