{"id":2885,"date":"2020-04-02T01:14:00","date_gmt":"2020-04-02T04:14:00","guid":{"rendered":"https:\/\/wandilsonramalho.com.br\/blog\/?p=2885"},"modified":"2020-04-01T16:22:48","modified_gmt":"2020-04-01T19:22:48","slug":"face-shields-mascaras-de-protecao-inidividual","status":"publish","type":"post","link":"https:\/\/wandilsonramalho.com.br\/blog\/?p=2885","title":{"rendered":"face Shields :  M\u00e1scaras de prote\u00e7\u00e3o inidividual.."},"content":{"rendered":"\n<p>Com licen\u00e7a ..vice prefeito  Paulo Brasil ..<\/p>\n\n\n\n<p>Vi esta reportagem em seu face e eu copiei ..<\/p>\n\n\n\n<p>&#8220;Mais uma parceria firmada com a UFERSA e  seu corpo docente e discente, recebemos uma remessa de Face Shields :  M\u00e1scaras de prote\u00e7\u00e3o inidividual mais abrangente e protetiva do que as  convencionais . <br> Cada unidade b\u00e1sica de sa\u00fade e Hospital Regional  estar\u00e1 recebendo esse equipamento como prote\u00e7\u00e3o adicional para o momento  da coleta de swabs (testagem para coronav\u00edrus), contato com casos  suspeitos para o COVID-19, etc . <br> A ci\u00eancia atrelada ao fazer sa\u00fade  provaram que \u00e9 mais um trabalho intersetorial importante para obter  resultados satisfat\u00f3rios em meio a pandemia que assola nosso sistema. <\/p>\n\n\n\n<p>Excelente !!<\/p>\n\n\n\n<p>A UFERSA faz e faz bonito ..coisas grandiosas , de muito estudo, pesquisa ..<\/p>\n\n\n\n<figure class=\"wp-block-image size-large\"><img data-recalc-dims=\"1\" fetchpriority=\"high\" decoding=\"async\" width=\"845\" height=\"665\" src=\"https:\/\/i0.wp.com\/wandilsonramalho.com.br\/blog\/wp-content\/uploads\/2020\/04\/91048321_2845249602190328_2532763302740623360_n.jpg?resize=845%2C665&#038;ssl=1\" alt=\"\" class=\"wp-image-2886\" srcset=\"https:\/\/i0.wp.com\/wandilsonramalho.com.br\/blog\/wp-content\/uploads\/2020\/04\/91048321_2845249602190328_2532763302740623360_n.jpg?resize=928%2C730&amp;ssl=1 928w, https:\/\/i0.wp.com\/wandilsonramalho.com.br\/blog\/wp-content\/uploads\/2020\/04\/91048321_2845249602190328_2532763302740623360_n.jpg?resize=520%2C410&amp;ssl=1 520w\" sizes=\"(max-width: 845px) 100vw, 845px\" \/><\/figure>\n","protected":false},"excerpt":{"rendered":"<p>Com licen\u00e7a ..vice prefeito Paulo Brasil .. Vi esta reportagem em seu face e eu copiei .. &#8220;Mais uma parceria firmada com a UFERSA e seu corpo docente e discente, recebemos uma remessa de Face Shields : M\u00e1scaras de prote\u00e7\u00e3o inidividual mais abrangente e protetiva do que as convencionais . Cada unidade b\u00e1sica de sa\u00fade <a href=\"https:\/\/wandilsonramalho.com.br\/blog\/?p=2885\">&#8230;<\/a><\/p>\n","protected":false},"author":2,"featured_media":2887,"comment_status":"open","ping_status":"open","sticky":false,"template":"","format":"standard","meta":{"_jetpack_memberships_contains_paid_content":false,"footnotes":""},"categories":[18],"tags":[],"class_list":["post-2885","post","type-post","status-publish","format-standard","has-post-thumbnail","hentry","category-caraubas"],"jetpack_featured_media_url":"https:\/\/i0.wp.com\/wandilsonramalho.com.br\/blog\/wp-content\/uploads\/2020\/04\/91497566_2845249658856989_1929954278990938112_n.jpg?fit=928%2C928&ssl=1","jetpack_sharing_enabled":true,"_links":{"self":[{"href":"https:\/\/wandilsonramalho.com.br\/blog\/index.php?rest_route=\/wp\/v2\/posts\/2885","targetHints":{"allow":["GET"]}}],"collection":[{"href":"https:\/\/wandilsonramalho.com.br\/blog\/index.php?rest_route=\/wp\/v2\/posts"}],"about":[{"href":"https:\/\/wandilsonramalho.com.br\/blog\/index.php?rest_route=\/wp\/v2\/types\/post"}],"author":[{"embeddable":true,"href":"https:\/\/wandilsonramalho.com.br\/blog\/index.php?rest_route=\/wp\/v2\/users\/2"}],"replies":[{"embeddable":true,"href":"https:\/\/wandilsonramalho.com.br\/blog\/index.php?rest_route=%2Fwp%2Fv2%2Fcomments&post=2885"}],"version-history":[{"count":1,"href":"https:\/\/wandilsonramalho.com.br\/blog\/index.php?rest_route=\/wp\/v2\/posts\/2885\/revisions"}],"predecessor-version":[{"id":2888,"href":"https:\/\/wandilsonramalho.com.br\/blog\/index.php?rest_route=\/wp\/v2\/posts\/2885\/revisions\/2888"}],"wp:featuredmedia":[{"embeddable":true,"href":"https:\/\/wandilsonramalho.com.br\/blog\/index.php?rest_route=\/wp\/v2\/media\/2887"}],"wp:attachment":[{"href":"https:\/\/wandilsonramalho.com.br\/blog\/index.php?rest_route=%2Fwp%2Fv2%2Fmedia&parent=2885"}],"wp:term":[{"taxonomy":"category","embeddable":true,"href":"https:\/\/wandilsonramalho.com.br\/blog\/index.php?rest_route=%2Fwp%2Fv2%2Fcategories&post=2885"},{"taxonomy":"post_tag","embeddable":true,"href":"https:\/\/wandilsonramalho.com.br\/blog\/index.php?rest_route=%2Fwp%2Fv2%2Ftags&post=2885"}],"curies":[{"name":"wp","href":"https:\/\/api.w.org\/{rel}","templated":true}]}}