{"id":2829,"date":"2020-03-31T00:21:00","date_gmt":"2020-03-31T03:21:00","guid":{"rendered":"https:\/\/wandilsonramalho.com.br\/blog\/?p=2829"},"modified":"2020-03-30T16:43:58","modified_gmt":"2020-03-30T19:43:58","slug":"a-vida-o-amor-deus","status":"publish","type":"post","link":"https:\/\/wandilsonramalho.com.br\/blog\/?p=2829","title":{"rendered":"A vida ..o amor..deus .."},"content":{"rendered":"\n<p>Neste tempo de isolamento, quarentena , bem guardados em nossos cantos ..<\/p>\n\n\n\n<p>A liga\u00e7\u00e3o de um amigo(a) , ou pelo watsApp ate\u00b4perguntando assim, &#8220;como voc\u00ea est\u00e1 &#8220;, \u00e9 um b\u00e1lsamo ,..algu\u00e9m lembrou de quem est\u00e1 bem guardadinho no seu  ninho.<\/p>\n\n\n\n<p>As redes sociais , face , Instagram , \u00e0s  vezes at\u00e9 nos inspiram ..\u00e1s vezes a gente ri,  \u00e1s vezes achamos que  alguns n\u00e3o est\u00e3o muito ligados neste novo tempo ..<br>Tempo , este \u00e9 o tempo de rever muitas coisas..<br>De dar as m\u00e3os , de agradecer, de pensar no outro ..<\/p>\n\n\n\n<p>De olhar a natureza e ver o qu\u00e3o Deus \u00e9 maravilhoso !!<\/p>\n\n\n\n<p>De observar quantas b\u00ean\u00e7\u00e3os Deus nos d\u00e1 a cada amanhecer !!..<\/p>\n\n\n\n<p>De ver atrav\u00e9s dos sinais que Deus nos d\u00e1 um recado ..<\/p>\n\n\n\n<p>O recado da vida, da paz, do amor , do perd\u00e3o ..<\/p>\n\n\n\n<p>De ver as familias unidas , do sorriso de uma crian\u00e7a , da esperan\u00e7a dos jovens , da experi\u00eancia do idoso ..<\/p>\n\n\n\n<p>Vamos iniciar abril mais pertinho de Deus , atrav\u00e9s da ora\u00e7\u00e3o , da medita\u00e7\u00e3o, da caridade , da solidariedade  e de plantar  o bem ..<\/p>\n\n\n\n<p><br><\/p>\n\n\n\n\n","protected":false},"excerpt":{"rendered":"<p>Neste tempo de isolamento, quarentena , bem guardados em nossos cantos .. A liga\u00e7\u00e3o de um amigo(a) , ou pelo watsApp ate\u00b4perguntando assim, &#8220;como voc\u00ea est\u00e1 &#8220;, \u00e9 um b\u00e1lsamo ,..algu\u00e9m lembrou de quem est\u00e1 bem guardadinho no seu ninho. As redes sociais , face , Instagram , \u00e0s vezes at\u00e9 nos inspiram ..\u00e1s vezes <a href=\"https:\/\/wandilsonramalho.com.br\/blog\/?p=2829\">&#8230;<\/a><\/p>\n","protected":false},"author":2,"featured_media":2830,"comment_status":"open","ping_status":"open","sticky":false,"template":"","format":"standard","meta":{"_jetpack_memberships_contains_paid_content":false,"footnotes":""},"categories":[2],"tags":[],"class_list":["post-2829","post","type-post","status-publish","format-standard","has-post-thumbnail","hentry","category-mensagens"],"jetpack_featured_media_url":"https:\/\/i0.wp.com\/wandilsonramalho.com.br\/blog\/wp-content\/uploads\/2020\/03\/flores.jpg?fit=600%2C300&ssl=1","jetpack_sharing_enabled":true,"_links":{"self":[{"href":"https:\/\/wandilsonramalho.com.br\/blog\/index.php?rest_route=\/wp\/v2\/posts\/2829","targetHints":{"allow":["GET"]}}],"collection":[{"href":"https:\/\/wandilsonramalho.com.br\/blog\/index.php?rest_route=\/wp\/v2\/posts"}],"about":[{"href":"https:\/\/wandilsonramalho.com.br\/blog\/index.php?rest_route=\/wp\/v2\/types\/post"}],"author":[{"embeddable":true,"href":"https:\/\/wandilsonramalho.com.br\/blog\/index.php?rest_route=\/wp\/v2\/users\/2"}],"replies":[{"embeddable":true,"href":"https:\/\/wandilsonramalho.com.br\/blog\/index.php?rest_route=%2Fwp%2Fv2%2Fcomments&post=2829"}],"version-history":[{"count":1,"href":"https:\/\/wandilsonramalho.com.br\/blog\/index.php?rest_route=\/wp\/v2\/posts\/2829\/revisions"}],"predecessor-version":[{"id":2831,"href":"https:\/\/wandilsonramalho.com.br\/blog\/index.php?rest_route=\/wp\/v2\/posts\/2829\/revisions\/2831"}],"wp:featuredmedia":[{"embeddable":true,"href":"https:\/\/wandilsonramalho.com.br\/blog\/index.php?rest_route=\/wp\/v2\/media\/2830"}],"wp:attachment":[{"href":"https:\/\/wandilsonramalho.com.br\/blog\/index.php?rest_route=%2Fwp%2Fv2%2Fmedia&parent=2829"}],"wp:term":[{"taxonomy":"category","embeddable":true,"href":"https:\/\/wandilsonramalho.com.br\/blog\/index.php?rest_route=%2Fwp%2Fv2%2Fcategories&post=2829"},{"taxonomy":"post_tag","embeddable":true,"href":"https:\/\/wandilsonramalho.com.br\/blog\/index.php?rest_route=%2Fwp%2Fv2%2Ftags&post=2829"}],"curies":[{"name":"wp","href":"https:\/\/api.w.org\/{rel}","templated":true}]}}