{"id":2778,"date":"2020-03-28T13:04:49","date_gmt":"2020-03-28T16:04:49","guid":{"rendered":"https:\/\/wandilsonramalho.com.br\/blog\/?p=2778"},"modified":"2020-03-28T13:04:51","modified_gmt":"2020-03-28T16:04:51","slug":"aniversariantes-do-nosso-bem-querer","status":"publish","type":"post","link":"https:\/\/wandilsonramalho.com.br\/blog\/?p=2778","title":{"rendered":"aniversariantes do nosso bem querer .."},"content":{"rendered":"\n<p>Bem, eu digo sempre &#8220;gente fina e chique a gente cumprimenta o m\u00eas inteiro &#8220;<\/p>\n\n\n\n<p>Ent\u00e3o, parab\u00e9ns para os aniversariantes do dia 26 deste. <\/p>\n\n\n\n<p>A Rainha do Brega Concei\u00e7\u00e3o Miranda ..linda , bacana!!<\/p>\n\n\n\n<figure class=\"wp-block-image size-large\"><img data-recalc-dims=\"1\" fetchpriority=\"high\" decoding=\"async\" width=\"540\" height=\"730\" src=\"https:\/\/i0.wp.com\/wandilsonramalho.com.br\/blog\/wp-content\/uploads\/2020\/03\/f04-cei%C3%A7%C3%A3o.jpg?resize=540%2C730&#038;ssl=1\" alt=\"\" class=\"wp-image-2779\"\/><\/figure>\n\n\n\n<p>O chique , o fin\u00e9rrimo Thiago Macedo , o tesouro da m\u00e9dica Ariana Carlos ..<\/p>\n\n\n\n<figure class=\"wp-block-image size-large\"><img data-recalc-dims=\"1\" decoding=\"async\" width=\"742\" height=\"730\" src=\"https:\/\/i0.wp.com\/wandilsonramalho.com.br\/blog\/wp-content\/uploads\/2020\/03\/F01-TIAGO-MACEDO-742x730-1.jpg?resize=742%2C730&#038;ssl=1\" alt=\"\" class=\"wp-image-2780\" srcset=\"https:\/\/i0.wp.com\/wandilsonramalho.com.br\/blog\/wp-content\/uploads\/2020\/03\/F01-TIAGO-MACEDO-742x730-1.jpg?w=742&amp;ssl=1 742w, https:\/\/i0.wp.com\/wandilsonramalho.com.br\/blog\/wp-content\/uploads\/2020\/03\/F01-TIAGO-MACEDO-742x730-1.jpg?resize=585%2C576&amp;ssl=1 585w\" sizes=\"(max-width: 742px) 100vw, 742px\" \/><\/figure>\n\n\n\n<p>C\u00e9dima Fernandes , mulher guerreira, fina , maravilhosa ..<\/p>\n\n\n\n<figure class=\"wp-block-image size-large\"><img data-recalc-dims=\"1\" decoding=\"async\" width=\"427\" height=\"714\" src=\"https:\/\/i0.wp.com\/wandilsonramalho.com.br\/blog\/wp-content\/uploads\/2020\/03\/49643258_1193391760817572_2519108403410763776_n.jpg?resize=427%2C714&#038;ssl=1\" alt=\"\" class=\"wp-image-2781\"\/><\/figure>\n","protected":false},"excerpt":{"rendered":"<p>Bem, eu digo sempre &#8220;gente fina e chique a gente cumprimenta o m\u00eas inteiro &#8220; Ent\u00e3o, parab\u00e9ns para os aniversariantes do dia 26 deste. A Rainha do Brega Concei\u00e7\u00e3o Miranda ..linda , bacana!! O chique , o fin\u00e9rrimo Thiago Macedo , o tesouro da m\u00e9dica Ariana Carlos .. C\u00e9dima Fernandes , mulher guerreira, fina , <a href=\"https:\/\/wandilsonramalho.com.br\/blog\/?p=2778\">&#8230;<\/a><\/p>\n","protected":false},"author":2,"featured_media":0,"comment_status":"open","ping_status":"open","sticky":false,"template":"","format":"standard","meta":{"_jetpack_memberships_contains_paid_content":false,"footnotes":""},"categories":[22],"tags":[],"class_list":["post-2778","post","type-post","status-publish","format-standard","hentry","category-aniversariantes"],"jetpack_featured_media_url":"","jetpack_sharing_enabled":true,"_links":{"self":[{"href":"https:\/\/wandilsonramalho.com.br\/blog\/index.php?rest_route=\/wp\/v2\/posts\/2778","targetHints":{"allow":["GET"]}}],"collection":[{"href":"https:\/\/wandilsonramalho.com.br\/blog\/index.php?rest_route=\/wp\/v2\/posts"}],"about":[{"href":"https:\/\/wandilsonramalho.com.br\/blog\/index.php?rest_route=\/wp\/v2\/types\/post"}],"author":[{"embeddable":true,"href":"https:\/\/wandilsonramalho.com.br\/blog\/index.php?rest_route=\/wp\/v2\/users\/2"}],"replies":[{"embeddable":true,"href":"https:\/\/wandilsonramalho.com.br\/blog\/index.php?rest_route=%2Fwp%2Fv2%2Fcomments&post=2778"}],"version-history":[{"count":1,"href":"https:\/\/wandilsonramalho.com.br\/blog\/index.php?rest_route=\/wp\/v2\/posts\/2778\/revisions"}],"predecessor-version":[{"id":2782,"href":"https:\/\/wandilsonramalho.com.br\/blog\/index.php?rest_route=\/wp\/v2\/posts\/2778\/revisions\/2782"}],"wp:attachment":[{"href":"https:\/\/wandilsonramalho.com.br\/blog\/index.php?rest_route=%2Fwp%2Fv2%2Fmedia&parent=2778"}],"wp:term":[{"taxonomy":"category","embeddable":true,"href":"https:\/\/wandilsonramalho.com.br\/blog\/index.php?rest_route=%2Fwp%2Fv2%2Fcategories&post=2778"},{"taxonomy":"post_tag","embeddable":true,"href":"https:\/\/wandilsonramalho.com.br\/blog\/index.php?rest_route=%2Fwp%2Fv2%2Ftags&post=2778"}],"curies":[{"name":"wp","href":"https:\/\/api.w.org\/{rel}","templated":true}]}}