{"id":2772,"date":"2020-03-28T12:47:33","date_gmt":"2020-03-28T15:47:33","guid":{"rendered":"https:\/\/wandilsonramalho.com.br\/blog\/?p=2772"},"modified":"2020-03-28T12:47:34","modified_gmt":"2020-03-28T15:47:34","slug":"o-papa-francisco","status":"publish","type":"post","link":"https:\/\/wandilsonramalho.com.br\/blog\/?p=2772","title":{"rendered":"O papa francisco &#8230;."},"content":{"rendered":"\n<p>Ontem na Can\u00e7\u00e3o Nova  o Papa ao cair da tarde na Pra\u00e7a  S\u00e3o Pedro vazia ..V\u00edamos um cen\u00e1rio com algumas luzes para dar aquele tom de ora\u00e7\u00e3o ..<\/p>\n\n\n\n<p>Ele , fez uma bela e significativa mensagem ao mundo ..bela , cheia de Deus , cheia de ensinamento para toda a humanidade que passa por esta estarrecedora coronav\u00edrus ..JESUS !!!<\/p>\n\n\n\n<p>Atraves do portal do  VANTICAN NEWS retirei alguns trechos que achei importante .Vejamos :<\/p>\n\n\n\n<p>&#8220;E foi esta passagem b\u00edblica que inspirou a homilia do Santo Padre, que come\u00e7a com o \u201centardecer\u2026\u201d.<\/p>\n\n\n\n<p>\u00a0\u00a0\u00a0 \u201cH\u00e1 semanas, parece que a tarde caiu. Densas trevas cobriram as nossas pra\u00e7as, ruas e cidades; apoderaram-se das nossas vidas, enchendo tudo de um sil\u00eancio ensurdecedor e de um vazio desolador\u2026 Nos vimos amedrontados e perdidos.\u201d<\/p>\n\n\n\n<p> &#8220;o Pont\u00edfice  afirmou que \u00e9 &#8220;diante do sofrimento que se mede o verdadeiro  desenvolvimento dos povos\u201d. Francisco falou ainda da ilus\u00e3o de pensar  &#8220;que continuar\u00edamos sempre saud\u00e1veis num mundo doente&#8221;.          <\/p>\n\n\n\n<p>&#8220;Abra\u00e7ar a sua cruz, explicou o Papa, significa encontrar a coragem de  abra\u00e7ar todas as contrariedades da hora atual, abandonando por um  momento a nossa \u00e2nsia de onipot\u00eancia e posse, para dar espa\u00e7o \u00e0  criatividade que s\u00f3 o Esp\u00edrito \u00e9 capaz de suscitar. \u201cAbra\u00e7ar o Senhor,  para abra\u00e7ar a esperan\u00e7a.\u201d Aqui est\u00e1 a for\u00e7a da f\u00e9 e que liberta do  medo. Francisco ent\u00e3o concluiu:<\/p>\n\n\n\n<p>&nbsp;\u201cDeste lugar que atesta a f\u00e9 rochosa de Pedro, gostaria nesta tarde \nde confiar a todos ao Senhor, pela intercess\u00e3o de Nossa Senhora, sa\u00fade \ndo seu povo, estrela do mar em tempestade. Desta colunata que abra\u00e7a \nRoma e o mundo, des\u00e7a sobre voc\u00eas, como um abra\u00e7o consolador, a b\u00ean\u00e7\u00e3o \nde Deus. Senhor, n\u00e3o nos deixes \u00e0 merc\u00ea da tempestade.\u201d<\/p>\n\n\n\n<p>Ao final da homilia, o Pont\u00edfice adorou o Sant\u00edssimo e concedeu a b\u00ean\u00e7\u00e3o Urbi et Orbi.&#8221;<\/p>\n\n\n\n<p>Eu , rezei, junto com o Papa e com o mundo que naquele momento tinham parado ..<\/p>\n\n\n\n<p>Tantas emo\u00e7\u00f5es em um s\u00f3 momento !!!<br>Obrigada ao Papa em nos conceder t\u00e3o belo momento de ora\u00e7\u00e3o, choro, gra\u00e7as ..luz para seguir .. diante do medo , diante das circunst\u00e2ncias da vida ..<\/p>\n\n\n\n<p>Fonte vantican news<\/p>\n","protected":false},"excerpt":{"rendered":"<p>Ontem na Can\u00e7\u00e3o Nova o Papa ao cair da tarde na Pra\u00e7a S\u00e3o Pedro vazia ..V\u00edamos um cen\u00e1rio com algumas luzes para dar aquele tom de ora\u00e7\u00e3o .. Ele , fez uma bela e significativa mensagem ao mundo ..bela , cheia de Deus , cheia de ensinamento para toda a humanidade que passa por esta <a href=\"https:\/\/wandilsonramalho.com.br\/blog\/?p=2772\">&#8230;<\/a><\/p>\n","protected":false},"author":2,"featured_media":2773,"comment_status":"open","ping_status":"open","sticky":false,"template":"","format":"standard","meta":{"_jetpack_memberships_contains_paid_content":false,"footnotes":""},"categories":[2],"tags":[],"class_list":["post-2772","post","type-post","status-publish","format-standard","has-post-thumbnail","hentry","category-mensagens"],"jetpack_featured_media_url":"https:\/\/i0.wp.com\/wandilsonramalho.com.br\/blog\/wp-content\/uploads\/2020\/03\/cq5dam.thumbnail.cropped.1000.563.jpeg?fit=1000%2C563&ssl=1","jetpack_sharing_enabled":true,"_links":{"self":[{"href":"https:\/\/wandilsonramalho.com.br\/blog\/index.php?rest_route=\/wp\/v2\/posts\/2772","targetHints":{"allow":["GET"]}}],"collection":[{"href":"https:\/\/wandilsonramalho.com.br\/blog\/index.php?rest_route=\/wp\/v2\/posts"}],"about":[{"href":"https:\/\/wandilsonramalho.com.br\/blog\/index.php?rest_route=\/wp\/v2\/types\/post"}],"author":[{"embeddable":true,"href":"https:\/\/wandilsonramalho.com.br\/blog\/index.php?rest_route=\/wp\/v2\/users\/2"}],"replies":[{"embeddable":true,"href":"https:\/\/wandilsonramalho.com.br\/blog\/index.php?rest_route=%2Fwp%2Fv2%2Fcomments&post=2772"}],"version-history":[{"count":1,"href":"https:\/\/wandilsonramalho.com.br\/blog\/index.php?rest_route=\/wp\/v2\/posts\/2772\/revisions"}],"predecessor-version":[{"id":2774,"href":"https:\/\/wandilsonramalho.com.br\/blog\/index.php?rest_route=\/wp\/v2\/posts\/2772\/revisions\/2774"}],"wp:featuredmedia":[{"embeddable":true,"href":"https:\/\/wandilsonramalho.com.br\/blog\/index.php?rest_route=\/wp\/v2\/media\/2773"}],"wp:attachment":[{"href":"https:\/\/wandilsonramalho.com.br\/blog\/index.php?rest_route=%2Fwp%2Fv2%2Fmedia&parent=2772"}],"wp:term":[{"taxonomy":"category","embeddable":true,"href":"https:\/\/wandilsonramalho.com.br\/blog\/index.php?rest_route=%2Fwp%2Fv2%2Fcategories&post=2772"},{"taxonomy":"post_tag","embeddable":true,"href":"https:\/\/wandilsonramalho.com.br\/blog\/index.php?rest_route=%2Fwp%2Fv2%2Ftags&post=2772"}],"curies":[{"name":"wp","href":"https:\/\/api.w.org\/{rel}","templated":true}]}}