{"id":2754,"date":"2020-03-25T01:36:00","date_gmt":"2020-03-25T04:36:00","guid":{"rendered":"https:\/\/wandilsonramalho.com.br\/blog\/?p=2754"},"modified":"2020-03-24T14:04:27","modified_gmt":"2020-03-24T17:04:27","slug":"a-natureza-bela-esplendida","status":"publish","type":"post","link":"https:\/\/wandilsonramalho.com.br\/blog\/?p=2754","title":{"rendered":"A NATUREZA..BELA ..espl\u00eandida !!"},"content":{"rendered":"\n<p> Eu sempre gostei de postar a natureza&#8230;h\u00e1 alguns anos atr\u00e1s postei algumas fotos de R\u00f4mulo Augusto Soares Gurgel..ele que tem a sensibilidade de ver aquele \u00e2ngulo mais bonito para se fotografar ..<\/p>\n\n\n\n<p>A fotografia \u00e9 imortalizar os momentos ..e R\u00f4mulo o fez.<\/p>\n\n\n\n<p>Esta foi dia 17 de julho 2015 <\/p>\n\n\n\n<p>Ele, publicou assim :<\/p>\n\n\n\n<p>&#8220;O  tempo parecia est\u00e1tico. Eu pensava: est\u00e1 demorando&#8230;e aquela nuvem que  vem l\u00e1? Ser\u00e1 que ele desce antes? Corre sol! Deixa eu fazer uma foto  legal. \u2014 em <a href=\"https:\/\/www.facebook.com\/pages\/Praia-De-Tourinhos\/256627194452342\">Praia De Tourinho<\/a> &#8220;.<\/p>\n\n\n\n<p>R\u00f4mulo voc\u00ea \u00e9 mil ..Inteligent\u00e8zimo ..<\/p>\n\n\n\n<p>Como disse Sebasti\u00e3o Salgado &#8220;Voc\u00ea n\u00e3o fotografa com sua m\u00e1quina, voc\u00ea fotografa com toda sua cultura.&#8221;<\/p>\n\n\n\n<p>Show!!!<\/p>\n\n\n\n<p>Neste tempo que s\u00f3 se fala em coronav\u00edrus , a minha reportagem \u00e9  por algo que n\u00f3s d\u00e1 paz, vida, alivio ..(\u00e9 claro sem se desligar do contexto por novas medidas ou diretrizes deste tempo de isolamento) .<\/p>\n\n\n\n<p>Estamos isolados , estamos , ficar em casa \u00e9 a medida de respeito por mim e pelos outros ..<\/p>\n\n\n\n\n","protected":false},"excerpt":{"rendered":"<p>Eu sempre gostei de postar a natureza&#8230;h\u00e1 alguns anos atr\u00e1s postei algumas fotos de R\u00f4mulo Augusto Soares Gurgel..ele que tem a sensibilidade de ver aquele \u00e2ngulo mais bonito para se fotografar .. A fotografia \u00e9 imortalizar os momentos ..e R\u00f4mulo o fez. Esta foi dia 17 de julho 2015 Ele, publicou assim : &#8220;O tempo <a href=\"https:\/\/wandilsonramalho.com.br\/blog\/?p=2754\">&#8230;<\/a><\/p>\n","protected":false},"author":2,"featured_media":2755,"comment_status":"open","ping_status":"open","sticky":false,"template":"","format":"standard","meta":{"_jetpack_memberships_contains_paid_content":false,"footnotes":""},"categories":[1],"tags":[],"class_list":["post-2754","post","type-post","status-publish","format-standard","has-post-thumbnail","hentry","category-uncategorized"],"jetpack_featured_media_url":"https:\/\/i0.wp.com\/wandilsonramalho.com.br\/blog\/wp-content\/uploads\/2020\/03\/FOTOT-TOMULO.jpg?fit=960%2C574&ssl=1","jetpack_sharing_enabled":true,"_links":{"self":[{"href":"https:\/\/wandilsonramalho.com.br\/blog\/index.php?rest_route=\/wp\/v2\/posts\/2754","targetHints":{"allow":["GET"]}}],"collection":[{"href":"https:\/\/wandilsonramalho.com.br\/blog\/index.php?rest_route=\/wp\/v2\/posts"}],"about":[{"href":"https:\/\/wandilsonramalho.com.br\/blog\/index.php?rest_route=\/wp\/v2\/types\/post"}],"author":[{"embeddable":true,"href":"https:\/\/wandilsonramalho.com.br\/blog\/index.php?rest_route=\/wp\/v2\/users\/2"}],"replies":[{"embeddable":true,"href":"https:\/\/wandilsonramalho.com.br\/blog\/index.php?rest_route=%2Fwp%2Fv2%2Fcomments&post=2754"}],"version-history":[{"count":2,"href":"https:\/\/wandilsonramalho.com.br\/blog\/index.php?rest_route=\/wp\/v2\/posts\/2754\/revisions"}],"predecessor-version":[{"id":2760,"href":"https:\/\/wandilsonramalho.com.br\/blog\/index.php?rest_route=\/wp\/v2\/posts\/2754\/revisions\/2760"}],"wp:featuredmedia":[{"embeddable":true,"href":"https:\/\/wandilsonramalho.com.br\/blog\/index.php?rest_route=\/wp\/v2\/media\/2755"}],"wp:attachment":[{"href":"https:\/\/wandilsonramalho.com.br\/blog\/index.php?rest_route=%2Fwp%2Fv2%2Fmedia&parent=2754"}],"wp:term":[{"taxonomy":"category","embeddable":true,"href":"https:\/\/wandilsonramalho.com.br\/blog\/index.php?rest_route=%2Fwp%2Fv2%2Fcategories&post=2754"},{"taxonomy":"post_tag","embeddable":true,"href":"https:\/\/wandilsonramalho.com.br\/blog\/index.php?rest_route=%2Fwp%2Fv2%2Ftags&post=2754"}],"curies":[{"name":"wp","href":"https:\/\/api.w.org\/{rel}","templated":true}]}}