{"id":2733,"date":"2020-03-24T01:58:00","date_gmt":"2020-03-24T04:58:00","guid":{"rendered":"https:\/\/wandilsonramalho.com.br\/blog\/?p=2733"},"modified":"2020-03-23T15:02:13","modified_gmt":"2020-03-23T18:02:13","slug":"vacinacao","status":"publish","type":"post","link":"https:\/\/wandilsonramalho.com.br\/blog\/?p=2733","title":{"rendered":"VACINA\u00c7\u00c3O"},"content":{"rendered":"\n<p>Chegou o tempo de vacina\u00e7\u00e3o para a gripe a partir dos 60 anos e mais,  no per\u00edodo 23 deste a 22 de maio .Nesta primeira semana exclusiva para IDOSOS e ser\u00e1 de acordo com a letra inicial do nome do Registro da Certid\u00e3o de Nascimento : <\/p>\n\n\n\n<p>23\/03 IDOSOS &#8211; letras A, B, C, D e E<\/p>\n\n\n\n<p>24\/03 IDOSOS letras F, G, H, I e J,<\/p>\n\n\n\n<p>25\/03 IDOSOS letras K, L, M, N e O<\/p>\n\n\n\n<p>26\/03 IDOSOS letras P, Q, R, S e T <\/p>\n\n\n\n<p> 27\/03 IDOSOS letras U, V, W, X, Y e Z.<\/p>\n","protected":false},"excerpt":{"rendered":"<p>Chegou o tempo de vacina\u00e7\u00e3o para a gripe a partir dos 60 anos e mais, no per\u00edodo 23 deste a 22 de maio .Nesta primeira semana exclusiva para IDOSOS e ser\u00e1 de acordo com a letra inicial do nome do Registro da Certid\u00e3o de Nascimento : 23\/03 IDOSOS &#8211; letras A, B, C, D e <a href=\"https:\/\/wandilsonramalho.com.br\/blog\/?p=2733\">&#8230;<\/a><\/p>\n","protected":false},"author":2,"featured_media":2734,"comment_status":"open","ping_status":"open","sticky":false,"template":"","format":"standard","meta":{"_jetpack_memberships_contains_paid_content":false,"footnotes":""},"categories":[30],"tags":[],"class_list":["post-2733","post","type-post","status-publish","format-standard","has-post-thumbnail","hentry","category-avisos"],"jetpack_featured_media_url":"https:\/\/i0.wp.com\/wandilsonramalho.com.br\/blog\/wp-content\/uploads\/2020\/03\/vacina-e1571408646688.jpg?fit=1563%2C879&ssl=1","jetpack_sharing_enabled":true,"_links":{"self":[{"href":"https:\/\/wandilsonramalho.com.br\/blog\/index.php?rest_route=\/wp\/v2\/posts\/2733","targetHints":{"allow":["GET"]}}],"collection":[{"href":"https:\/\/wandilsonramalho.com.br\/blog\/index.php?rest_route=\/wp\/v2\/posts"}],"about":[{"href":"https:\/\/wandilsonramalho.com.br\/blog\/index.php?rest_route=\/wp\/v2\/types\/post"}],"author":[{"embeddable":true,"href":"https:\/\/wandilsonramalho.com.br\/blog\/index.php?rest_route=\/wp\/v2\/users\/2"}],"replies":[{"embeddable":true,"href":"https:\/\/wandilsonramalho.com.br\/blog\/index.php?rest_route=%2Fwp%2Fv2%2Fcomments&post=2733"}],"version-history":[{"count":1,"href":"https:\/\/wandilsonramalho.com.br\/blog\/index.php?rest_route=\/wp\/v2\/posts\/2733\/revisions"}],"predecessor-version":[{"id":2735,"href":"https:\/\/wandilsonramalho.com.br\/blog\/index.php?rest_route=\/wp\/v2\/posts\/2733\/revisions\/2735"}],"wp:featuredmedia":[{"embeddable":true,"href":"https:\/\/wandilsonramalho.com.br\/blog\/index.php?rest_route=\/wp\/v2\/media\/2734"}],"wp:attachment":[{"href":"https:\/\/wandilsonramalho.com.br\/blog\/index.php?rest_route=%2Fwp%2Fv2%2Fmedia&parent=2733"}],"wp:term":[{"taxonomy":"category","embeddable":true,"href":"https:\/\/wandilsonramalho.com.br\/blog\/index.php?rest_route=%2Fwp%2Fv2%2Fcategories&post=2733"},{"taxonomy":"post_tag","embeddable":true,"href":"https:\/\/wandilsonramalho.com.br\/blog\/index.php?rest_route=%2Fwp%2Fv2%2Ftags&post=2733"}],"curies":[{"name":"wp","href":"https:\/\/api.w.org\/{rel}","templated":true}]}}