{"id":2695,"date":"2020-03-20T08:17:52","date_gmt":"2020-03-20T11:17:52","guid":{"rendered":"https:\/\/wandilsonramalho.com.br\/blog\/?p=2695"},"modified":"2020-03-20T08:17:56","modified_gmt":"2020-03-20T11:17:56","slug":"missas-em-mossoro-neste-tempo-do-coronavirus","status":"publish","type":"post","link":"https:\/\/wandilsonramalho.com.br\/blog\/?p=2695","title":{"rendered":"missas em mossor\u00f3 neste tempo do coronav\u00edrus"},"content":{"rendered":"\n<p>Atraves da Tv o Padre Fl\u00e1vio Forte Melo anunciando que todos os dias de segunda a s\u00e1bado \u00e0s 18 horas   e domingo \u00e0s 11 horas o Bispo Dom Mariano Manzana estar\u00e1 na Catedral de Santa Luzia em Mossor\u00f3 celebrando a Santa Missa que ser\u00e3o transmitidas via as redes sociais e televis\u00e3o , com no m\u00e1ximo 3 pessoas para auxiliar. <\/p>\n\n\n\n<p>Uma observa\u00e7\u00e3o : Sem os fi\u00e9is presentes ..<\/p>\n\n\n\n<p>Decis\u00e3o acertada ..<\/p>\n\n\n\n<figure class=\"wp-block-image size-large\"><img data-recalc-dims=\"1\" fetchpriority=\"high\" decoding=\"async\" width=\"740\" height=\"730\" src=\"https:\/\/i0.wp.com\/wandilsonramalho.com.br\/blog\/wp-content\/uploads\/2020\/03\/Dom-Mariano-Manzana.jpg?resize=740%2C730&#038;ssl=1\" alt=\"\" class=\"wp-image-2696\"\/><\/figure>\n\n\n\n\n","protected":false},"excerpt":{"rendered":"<p>Atraves da Tv o Padre Fl\u00e1vio Forte Melo anunciando que todos os dias de segunda a s\u00e1bado \u00e0s 18 horas e domingo \u00e0s 11 horas o Bispo Dom Mariano Manzana estar\u00e1 na Catedral de Santa Luzia em Mossor\u00f3 celebrando a Santa Missa que ser\u00e3o transmitidas via as redes sociais e televis\u00e3o , com no m\u00e1ximo <a href=\"https:\/\/wandilsonramalho.com.br\/blog\/?p=2695\">&#8230;<\/a><\/p>\n","protected":false},"author":2,"featured_media":2696,"comment_status":"open","ping_status":"open","sticky":false,"template":"","format":"standard","meta":{"_jetpack_memberships_contains_paid_content":false,"footnotes":""},"categories":[30],"tags":[],"class_list":["post-2695","post","type-post","status-publish","format-standard","has-post-thumbnail","hentry","category-avisos"],"jetpack_featured_media_url":"https:\/\/i0.wp.com\/wandilsonramalho.com.br\/blog\/wp-content\/uploads\/2020\/03\/Dom-Mariano-Manzana.jpg?fit=740%2C903&ssl=1","jetpack_sharing_enabled":true,"_links":{"self":[{"href":"https:\/\/wandilsonramalho.com.br\/blog\/index.php?rest_route=\/wp\/v2\/posts\/2695","targetHints":{"allow":["GET"]}}],"collection":[{"href":"https:\/\/wandilsonramalho.com.br\/blog\/index.php?rest_route=\/wp\/v2\/posts"}],"about":[{"href":"https:\/\/wandilsonramalho.com.br\/blog\/index.php?rest_route=\/wp\/v2\/types\/post"}],"author":[{"embeddable":true,"href":"https:\/\/wandilsonramalho.com.br\/blog\/index.php?rest_route=\/wp\/v2\/users\/2"}],"replies":[{"embeddable":true,"href":"https:\/\/wandilsonramalho.com.br\/blog\/index.php?rest_route=%2Fwp%2Fv2%2Fcomments&post=2695"}],"version-history":[{"count":1,"href":"https:\/\/wandilsonramalho.com.br\/blog\/index.php?rest_route=\/wp\/v2\/posts\/2695\/revisions"}],"predecessor-version":[{"id":2697,"href":"https:\/\/wandilsonramalho.com.br\/blog\/index.php?rest_route=\/wp\/v2\/posts\/2695\/revisions\/2697"}],"wp:featuredmedia":[{"embeddable":true,"href":"https:\/\/wandilsonramalho.com.br\/blog\/index.php?rest_route=\/wp\/v2\/media\/2696"}],"wp:attachment":[{"href":"https:\/\/wandilsonramalho.com.br\/blog\/index.php?rest_route=%2Fwp%2Fv2%2Fmedia&parent=2695"}],"wp:term":[{"taxonomy":"category","embeddable":true,"href":"https:\/\/wandilsonramalho.com.br\/blog\/index.php?rest_route=%2Fwp%2Fv2%2Fcategories&post=2695"},{"taxonomy":"post_tag","embeddable":true,"href":"https:\/\/wandilsonramalho.com.br\/blog\/index.php?rest_route=%2Fwp%2Fv2%2Ftags&post=2695"}],"curies":[{"name":"wp","href":"https:\/\/api.w.org\/{rel}","templated":true}]}}