{"id":2682,"date":"2020-03-20T01:04:00","date_gmt":"2020-03-20T04:04:00","guid":{"rendered":"https:\/\/wandilsonramalho.com.br\/blog\/?p=2682"},"modified":"2020-03-19T20:07:25","modified_gmt":"2020-03-19T23:07:25","slug":"adiada-a-festa-dos-80-anos-de-noima","status":"publish","type":"post","link":"https:\/\/wandilsonramalho.com.br\/blog\/?p=2682","title":{"rendered":"adiada a festa dos 80 anos de noima .."},"content":{"rendered":"\n<p>Quanta alegria celebrar 80 anos ?\u00a0 Maria Neumam Gurgel de Amorim celebrou 80 anos dia 18 e recebeu todos os vivas , via face, watsap\u00a0 e daqueles mais pr\u00f3ximos .<\/p>\n\n\n\n<p> As comemora\u00e7\u00f5es desta data t\u00e3o importante aconteceria amanh\u00e3 21 no Espa\u00e7o Maria Julia para 150 convidados . <\/p>\n\n\n\n<p>Diante do quadro de Pandemia em todo o mundo foi adiada\u00a0 a festa\u00a0 para outro momento oportuno . <\/p>\n\n\n\n<p>A fam\u00edlia disse \u201c Os convidados ser\u00e3o comunicados posteriormente para se celebrar os 80 anos da querida Noima \u201c. <\/p>\n","protected":false},"excerpt":{"rendered":"<p>Quanta alegria celebrar 80 anos ?\u00a0 Maria Neumam Gurgel de Amorim celebrou 80 anos dia 18 e recebeu todos os vivas , via face, watsap\u00a0 e daqueles mais pr\u00f3ximos . As comemora\u00e7\u00f5es desta data t\u00e3o importante aconteceria amanh\u00e3 21 no Espa\u00e7o Maria Julia para 150 convidados . Diante do quadro de Pandemia em todo o <a href=\"https:\/\/wandilsonramalho.com.br\/blog\/?p=2682\">&#8230;<\/a><\/p>\n","protected":false},"author":2,"featured_media":0,"comment_status":"open","ping_status":"open","sticky":false,"template":"","format":"standard","meta":{"_jetpack_memberships_contains_paid_content":false,"footnotes":""},"categories":[30],"tags":[],"class_list":["post-2682","post","type-post","status-publish","format-standard","hentry","category-avisos"],"jetpack_featured_media_url":"","jetpack_sharing_enabled":true,"_links":{"self":[{"href":"https:\/\/wandilsonramalho.com.br\/blog\/index.php?rest_route=\/wp\/v2\/posts\/2682","targetHints":{"allow":["GET"]}}],"collection":[{"href":"https:\/\/wandilsonramalho.com.br\/blog\/index.php?rest_route=\/wp\/v2\/posts"}],"about":[{"href":"https:\/\/wandilsonramalho.com.br\/blog\/index.php?rest_route=\/wp\/v2\/types\/post"}],"author":[{"embeddable":true,"href":"https:\/\/wandilsonramalho.com.br\/blog\/index.php?rest_route=\/wp\/v2\/users\/2"}],"replies":[{"embeddable":true,"href":"https:\/\/wandilsonramalho.com.br\/blog\/index.php?rest_route=%2Fwp%2Fv2%2Fcomments&post=2682"}],"version-history":[{"count":1,"href":"https:\/\/wandilsonramalho.com.br\/blog\/index.php?rest_route=\/wp\/v2\/posts\/2682\/revisions"}],"predecessor-version":[{"id":2683,"href":"https:\/\/wandilsonramalho.com.br\/blog\/index.php?rest_route=\/wp\/v2\/posts\/2682\/revisions\/2683"}],"wp:attachment":[{"href":"https:\/\/wandilsonramalho.com.br\/blog\/index.php?rest_route=%2Fwp%2Fv2%2Fmedia&parent=2682"}],"wp:term":[{"taxonomy":"category","embeddable":true,"href":"https:\/\/wandilsonramalho.com.br\/blog\/index.php?rest_route=%2Fwp%2Fv2%2Fcategories&post=2682"},{"taxonomy":"post_tag","embeddable":true,"href":"https:\/\/wandilsonramalho.com.br\/blog\/index.php?rest_route=%2Fwp%2Fv2%2Ftags&post=2682"}],"curies":[{"name":"wp","href":"https:\/\/api.w.org\/{rel}","templated":true}]}}