{"id":2679,"date":"2020-03-20T01:56:00","date_gmt":"2020-03-20T04:56:00","guid":{"rendered":"https:\/\/wandilsonramalho.com.br\/blog\/?p=2679"},"modified":"2020-03-19T20:04:33","modified_gmt":"2020-03-19T23:04:33","slug":"a-unidade-basica-de-saude-ubs-joao-marinaldo-de-holanda-com-plantoes-nos-finais-de-semana","status":"publish","type":"post","link":"https:\/\/wandilsonramalho.com.br\/blog\/?p=2679","title":{"rendered":"a  Unidade B\u00e1sica de Sa\u00fade (UBS) Jo\u00e3o Marinaldo de Holanda COM PLANT\u00d5ES , NOS FINAIS DE SEMANA ."},"content":{"rendered":"\n<p>Corret\u00edssima a medida da Prefeitura de Cara\u00fabas, que determinou\u00a0\u00a0 que a Secretaria Municipal Sa\u00fade, coloque em regime de plant\u00e3o, das 07h \u00e0s 12h e das 13h \u00e0s 17h a \u00a0Unidade B\u00e1sica de Sa\u00fade (UBS) Jo\u00e3o Marinaldo de Holanda para\u00a0 funcionar nos finais de semana s\u00e1bados e domingos para atender a popula\u00e7\u00e3o com suspeita do novo Coronav\u00edrus (Covid-19) . <\/p>\n\n\n\n<p>A UBS durante a semana funciona normalmente . <\/p>\n\n\n\n<p>Aplausos , para o prefeito Paulo Brasil por esta medida em tempo h\u00e1bil .<\/p>\n","protected":false},"excerpt":{"rendered":"<p>Corret\u00edssima a medida da Prefeitura de Cara\u00fabas, que determinou\u00a0\u00a0 que a Secretaria Municipal Sa\u00fade, coloque em regime de plant\u00e3o, das 07h \u00e0s 12h e das 13h \u00e0s 17h a \u00a0Unidade B\u00e1sica de Sa\u00fade (UBS) Jo\u00e3o Marinaldo de Holanda para\u00a0 funcionar nos finais de semana s\u00e1bados e domingos para atender a popula\u00e7\u00e3o com suspeita do novo <a href=\"https:\/\/wandilsonramalho.com.br\/blog\/?p=2679\">&#8230;<\/a><\/p>\n","protected":false},"author":2,"featured_media":2680,"comment_status":"open","ping_status":"open","sticky":false,"template":"","format":"standard","meta":{"_jetpack_memberships_contains_paid_content":false,"footnotes":""},"categories":[18],"tags":[],"class_list":["post-2679","post","type-post","status-publish","format-standard","has-post-thumbnail","hentry","category-caraubas"],"jetpack_featured_media_url":"https:\/\/i0.wp.com\/wandilsonramalho.com.br\/blog\/wp-content\/uploads\/2020\/03\/foto-paulo-1.jpg?fit=388%2C471&ssl=1","jetpack_sharing_enabled":true,"_links":{"self":[{"href":"https:\/\/wandilsonramalho.com.br\/blog\/index.php?rest_route=\/wp\/v2\/posts\/2679","targetHints":{"allow":["GET"]}}],"collection":[{"href":"https:\/\/wandilsonramalho.com.br\/blog\/index.php?rest_route=\/wp\/v2\/posts"}],"about":[{"href":"https:\/\/wandilsonramalho.com.br\/blog\/index.php?rest_route=\/wp\/v2\/types\/post"}],"author":[{"embeddable":true,"href":"https:\/\/wandilsonramalho.com.br\/blog\/index.php?rest_route=\/wp\/v2\/users\/2"}],"replies":[{"embeddable":true,"href":"https:\/\/wandilsonramalho.com.br\/blog\/index.php?rest_route=%2Fwp%2Fv2%2Fcomments&post=2679"}],"version-history":[{"count":1,"href":"https:\/\/wandilsonramalho.com.br\/blog\/index.php?rest_route=\/wp\/v2\/posts\/2679\/revisions"}],"predecessor-version":[{"id":2681,"href":"https:\/\/wandilsonramalho.com.br\/blog\/index.php?rest_route=\/wp\/v2\/posts\/2679\/revisions\/2681"}],"wp:featuredmedia":[{"embeddable":true,"href":"https:\/\/wandilsonramalho.com.br\/blog\/index.php?rest_route=\/wp\/v2\/media\/2680"}],"wp:attachment":[{"href":"https:\/\/wandilsonramalho.com.br\/blog\/index.php?rest_route=%2Fwp%2Fv2%2Fmedia&parent=2679"}],"wp:term":[{"taxonomy":"category","embeddable":true,"href":"https:\/\/wandilsonramalho.com.br\/blog\/index.php?rest_route=%2Fwp%2Fv2%2Fcategories&post=2679"},{"taxonomy":"post_tag","embeddable":true,"href":"https:\/\/wandilsonramalho.com.br\/blog\/index.php?rest_route=%2Fwp%2Fv2%2Ftags&post=2679"}],"curies":[{"name":"wp","href":"https:\/\/api.w.org\/{rel}","templated":true}]}}