{"id":2665,"date":"2020-03-19T01:30:00","date_gmt":"2020-03-19T04:30:00","guid":{"rendered":"https:\/\/wandilsonramalho.com.br\/blog\/?p=2665"},"modified":"2020-03-18T20:35:58","modified_gmt":"2020-03-18T23:35:58","slug":"prevencao-e-tudo-no-combate-ao-novo-coronavirus-covid-19","status":"publish","type":"post","link":"https:\/\/wandilsonramalho.com.br\/blog\/?p=2665","title":{"rendered":"preven\u00e7\u00e3o , \u00e9 tudo ..no combate ao novo Coronav\u00edrus (Covid-19)"},"content":{"rendered":"\n<p>A \u00a0Prefeitura de Cara\u00fabas montou um comit\u00ea de emerg\u00eancia para enfrentamento e combate ao novo Coronav\u00edrus (Covid-19) no munic\u00edpio.<\/p>\n\n\n\n<p>O prefeito em exerc\u00edcio Paulo Brasil esteve reunido com as equipes da Secretaria Municipal de Sa\u00fade, com os m\u00e9dicos e odont\u00f3logos, bem como com o diretor do Hospital Regional de Cara\u00fabas, Jo\u00e3o Bosco Varela, para tratar das medidas emergenciais. <\/p>\n\n\n\n<p>O trabalho de combate e preven\u00e7\u00e3o ao Covid-19 vem sendo tratado com muita \u00a0seriedade .<\/p>\n\n\n\n<p>Cara\u00fabas agradece ..<\/p>\n","protected":false},"excerpt":{"rendered":"<p>A \u00a0Prefeitura de Cara\u00fabas montou um comit\u00ea de emerg\u00eancia para enfrentamento e combate ao novo Coronav\u00edrus (Covid-19) no munic\u00edpio. O prefeito em exerc\u00edcio Paulo Brasil esteve reunido com as equipes da Secretaria Municipal de Sa\u00fade, com os m\u00e9dicos e odont\u00f3logos, bem como com o diretor do Hospital Regional de Cara\u00fabas, Jo\u00e3o Bosco Varela, para tratar <a href=\"https:\/\/wandilsonramalho.com.br\/blog\/?p=2665\">&#8230;<\/a><\/p>\n","protected":false},"author":2,"featured_media":2666,"comment_status":"open","ping_status":"open","sticky":false,"template":"","format":"standard","meta":{"_jetpack_memberships_contains_paid_content":false,"footnotes":""},"categories":[18],"tags":[],"class_list":["post-2665","post","type-post","status-publish","format-standard","has-post-thumbnail","hentry","category-caraubas"],"jetpack_featured_media_url":"https:\/\/i0.wp.com\/wandilsonramalho.com.br\/blog\/wp-content\/uploads\/2020\/03\/IMG_5167.jpg?fit=641%2C427&ssl=1","jetpack_sharing_enabled":true,"_links":{"self":[{"href":"https:\/\/wandilsonramalho.com.br\/blog\/index.php?rest_route=\/wp\/v2\/posts\/2665","targetHints":{"allow":["GET"]}}],"collection":[{"href":"https:\/\/wandilsonramalho.com.br\/blog\/index.php?rest_route=\/wp\/v2\/posts"}],"about":[{"href":"https:\/\/wandilsonramalho.com.br\/blog\/index.php?rest_route=\/wp\/v2\/types\/post"}],"author":[{"embeddable":true,"href":"https:\/\/wandilsonramalho.com.br\/blog\/index.php?rest_route=\/wp\/v2\/users\/2"}],"replies":[{"embeddable":true,"href":"https:\/\/wandilsonramalho.com.br\/blog\/index.php?rest_route=%2Fwp%2Fv2%2Fcomments&post=2665"}],"version-history":[{"count":1,"href":"https:\/\/wandilsonramalho.com.br\/blog\/index.php?rest_route=\/wp\/v2\/posts\/2665\/revisions"}],"predecessor-version":[{"id":2667,"href":"https:\/\/wandilsonramalho.com.br\/blog\/index.php?rest_route=\/wp\/v2\/posts\/2665\/revisions\/2667"}],"wp:featuredmedia":[{"embeddable":true,"href":"https:\/\/wandilsonramalho.com.br\/blog\/index.php?rest_route=\/wp\/v2\/media\/2666"}],"wp:attachment":[{"href":"https:\/\/wandilsonramalho.com.br\/blog\/index.php?rest_route=%2Fwp%2Fv2%2Fmedia&parent=2665"}],"wp:term":[{"taxonomy":"category","embeddable":true,"href":"https:\/\/wandilsonramalho.com.br\/blog\/index.php?rest_route=%2Fwp%2Fv2%2Fcategories&post=2665"},{"taxonomy":"post_tag","embeddable":true,"href":"https:\/\/wandilsonramalho.com.br\/blog\/index.php?rest_route=%2Fwp%2Fv2%2Ftags&post=2665"}],"curies":[{"name":"wp","href":"https:\/\/api.w.org\/{rel}","templated":true}]}}