{"id":2637,"date":"2020-03-18T01:31:00","date_gmt":"2020-03-18T04:31:00","guid":{"rendered":"https:\/\/wandilsonramalho.com.br\/blog\/?p=2637"},"modified":"2020-03-17T19:36:52","modified_gmt":"2020-03-17T22:36:52","slug":"em-brasilia-marilzelia-maia-celebra-a-vida","status":"publish","type":"post","link":"https:\/\/wandilsonramalho.com.br\/blog\/?p=2637","title":{"rendered":"Em Brasilia, Marilzelia Maia celebra a vida !!"},"content":{"rendered":"\n<p>Amiga mil,  gente muito  fina Marizelia Maia hoje celebra a vida longe de seu povo , em Brasilia \/DF . <\/p>\n\n\n\n<p>Daqui o nosso abra\u00e7o , os vivas, neste dia t\u00e3o especial..<\/p>\n\n\n\n<p>Sua amizade \u00e9 um presente para n\u00f3s ..<\/p>\n\n\n\n<p>Tim-Tim!!<\/p>\n\n\n\n\n","protected":false},"excerpt":{"rendered":"<p>Amiga mil, gente muito fina Marizelia Maia hoje celebra a vida longe de seu povo , em Brasilia \/DF . Daqui o nosso abra\u00e7o , os vivas, neste dia t\u00e3o especial.. Sua amizade \u00e9 um presente para n\u00f3s .. Tim-Tim!! <a href=\"https:\/\/wandilsonramalho.com.br\/blog\/?p=2637\">&#8230;<\/a><\/p>\n","protected":false},"author":2,"featured_media":2638,"comment_status":"open","ping_status":"open","sticky":false,"template":"","format":"standard","meta":{"_jetpack_memberships_contains_paid_content":false,"footnotes":""},"categories":[22],"tags":[],"class_list":["post-2637","post","type-post","status-publish","format-standard","has-post-thumbnail","hentry","category-aniversariantes"],"jetpack_featured_media_url":"https:\/\/i0.wp.com\/wandilsonramalho.com.br\/blog\/wp-content\/uploads\/2020\/03\/f04-marizelia.jpg?fit=512%2C512&ssl=1","jetpack_sharing_enabled":true,"_links":{"self":[{"href":"https:\/\/wandilsonramalho.com.br\/blog\/index.php?rest_route=\/wp\/v2\/posts\/2637","targetHints":{"allow":["GET"]}}],"collection":[{"href":"https:\/\/wandilsonramalho.com.br\/blog\/index.php?rest_route=\/wp\/v2\/posts"}],"about":[{"href":"https:\/\/wandilsonramalho.com.br\/blog\/index.php?rest_route=\/wp\/v2\/types\/post"}],"author":[{"embeddable":true,"href":"https:\/\/wandilsonramalho.com.br\/blog\/index.php?rest_route=\/wp\/v2\/users\/2"}],"replies":[{"embeddable":true,"href":"https:\/\/wandilsonramalho.com.br\/blog\/index.php?rest_route=%2Fwp%2Fv2%2Fcomments&post=2637"}],"version-history":[{"count":1,"href":"https:\/\/wandilsonramalho.com.br\/blog\/index.php?rest_route=\/wp\/v2\/posts\/2637\/revisions"}],"predecessor-version":[{"id":2639,"href":"https:\/\/wandilsonramalho.com.br\/blog\/index.php?rest_route=\/wp\/v2\/posts\/2637\/revisions\/2639"}],"wp:featuredmedia":[{"embeddable":true,"href":"https:\/\/wandilsonramalho.com.br\/blog\/index.php?rest_route=\/wp\/v2\/media\/2638"}],"wp:attachment":[{"href":"https:\/\/wandilsonramalho.com.br\/blog\/index.php?rest_route=%2Fwp%2Fv2%2Fmedia&parent=2637"}],"wp:term":[{"taxonomy":"category","embeddable":true,"href":"https:\/\/wandilsonramalho.com.br\/blog\/index.php?rest_route=%2Fwp%2Fv2%2Fcategories&post=2637"},{"taxonomy":"post_tag","embeddable":true,"href":"https:\/\/wandilsonramalho.com.br\/blog\/index.php?rest_route=%2Fwp%2Fv2%2Ftags&post=2637"}],"curies":[{"name":"wp","href":"https:\/\/api.w.org\/{rel}","templated":true}]}}