{"id":2634,"date":"2020-03-18T01:27:00","date_gmt":"2020-03-18T04:27:00","guid":{"rendered":"https:\/\/wandilsonramalho.com.br\/blog\/?p=2634"},"modified":"2020-03-17T19:31:25","modified_gmt":"2020-03-17T22:31:25","slug":"dr-vidal-gurgel-com-mais-uma-especialidade","status":"publish","type":"post","link":"https:\/\/wandilsonramalho.com.br\/blog\/?p=2634","title":{"rendered":"dr vidal gurgel com mais uma especialidade .."},"content":{"rendered":"\n<p>O conceituado m\u00e9dico Vidal Gurgel clinico geral, com p\u00f4s gradua\u00e7\u00e3o em geriatria, reumatologia e cardiologia em cena nesta semana em Recife \/PE, iniciando mais uma p\u00f3s gradua\u00e7\u00e3o agora, em Ecocardiografia de 15 a 21 deste . <\/p>\n\n\n\n<p>Ele \u00e9, um dos m\u00e9dicos mais requisitado aqui em Cara\u00fabas . <\/p>\n\n\n\n<p>Avante,dr Vidal!!<\/p>\n","protected":false},"excerpt":{"rendered":"<p>O conceituado m\u00e9dico Vidal Gurgel clinico geral, com p\u00f4s gradua\u00e7\u00e3o em geriatria, reumatologia e cardiologia em cena nesta semana em Recife \/PE, iniciando mais uma p\u00f3s gradua\u00e7\u00e3o agora, em Ecocardiografia de 15 a 21 deste . Ele \u00e9, um dos m\u00e9dicos mais requisitado aqui em Cara\u00fabas . Avante,dr Vidal!! <a href=\"https:\/\/wandilsonramalho.com.br\/blog\/?p=2634\">&#8230;<\/a><\/p>\n","protected":false},"author":2,"featured_media":2635,"comment_status":"open","ping_status":"open","sticky":false,"template":"","format":"standard","meta":{"_jetpack_memberships_contains_paid_content":false,"footnotes":""},"categories":[18],"tags":[],"class_list":["post-2634","post","type-post","status-publish","format-standard","has-post-thumbnail","hentry","category-caraubas"],"jetpack_featured_media_url":"https:\/\/i0.wp.com\/wandilsonramalho.com.br\/blog\/wp-content\/uploads\/2020\/03\/f03-vidal.jpg?fit=640%2C360&ssl=1","jetpack_sharing_enabled":true,"_links":{"self":[{"href":"https:\/\/wandilsonramalho.com.br\/blog\/index.php?rest_route=\/wp\/v2\/posts\/2634","targetHints":{"allow":["GET"]}}],"collection":[{"href":"https:\/\/wandilsonramalho.com.br\/blog\/index.php?rest_route=\/wp\/v2\/posts"}],"about":[{"href":"https:\/\/wandilsonramalho.com.br\/blog\/index.php?rest_route=\/wp\/v2\/types\/post"}],"author":[{"embeddable":true,"href":"https:\/\/wandilsonramalho.com.br\/blog\/index.php?rest_route=\/wp\/v2\/users\/2"}],"replies":[{"embeddable":true,"href":"https:\/\/wandilsonramalho.com.br\/blog\/index.php?rest_route=%2Fwp%2Fv2%2Fcomments&post=2634"}],"version-history":[{"count":1,"href":"https:\/\/wandilsonramalho.com.br\/blog\/index.php?rest_route=\/wp\/v2\/posts\/2634\/revisions"}],"predecessor-version":[{"id":2636,"href":"https:\/\/wandilsonramalho.com.br\/blog\/index.php?rest_route=\/wp\/v2\/posts\/2634\/revisions\/2636"}],"wp:featuredmedia":[{"embeddable":true,"href":"https:\/\/wandilsonramalho.com.br\/blog\/index.php?rest_route=\/wp\/v2\/media\/2635"}],"wp:attachment":[{"href":"https:\/\/wandilsonramalho.com.br\/blog\/index.php?rest_route=%2Fwp%2Fv2%2Fmedia&parent=2634"}],"wp:term":[{"taxonomy":"category","embeddable":true,"href":"https:\/\/wandilsonramalho.com.br\/blog\/index.php?rest_route=%2Fwp%2Fv2%2Fcategories&post=2634"},{"taxonomy":"post_tag","embeddable":true,"href":"https:\/\/wandilsonramalho.com.br\/blog\/index.php?rest_route=%2Fwp%2Fv2%2Ftags&post=2634"}],"curies":[{"name":"wp","href":"https:\/\/api.w.org\/{rel}","templated":true}]}}