{"id":2606,"date":"2020-03-15T08:15:43","date_gmt":"2020-03-15T11:15:43","guid":{"rendered":"https:\/\/wandilsonramalho.com.br\/blog\/?p=2606"},"modified":"2020-03-15T10:31:15","modified_gmt":"2020-03-15T13:31:15","slug":"governo-do-rn-convoca-nomeia-aprovados-na-area-da-saude","status":"publish","type":"post","link":"https:\/\/wandilsonramalho.com.br\/blog\/?p=2606","title":{"rendered":"Governo do Rn convoca aprovados na \u00e1rea da sa\u00fade .."},"content":{"rendered":"\n<p>A governadora F\u00e1tima Bezerra anunciou sexta feira 13, que ir\u00e1 convocar 970 profissionais da sa\u00fade , aprovados no Concurso da Sa\u00fade para refor\u00e7ar o combate preventivo ao coronav\u00edrus .<\/p>\n\n\n\n<p>Entre os convocados :farmac\u00eauticos , m\u00e9dicos, t\u00e9cnicos de enfermagem, assistentes sociais e fisioterapeutas .<\/p>\n\n\n\n<p>Os concursados fiquem eme alerta. <\/p>\n\n\n\n<p>Para acessar a lista dos convocados \u00e9 :http:\/\/www.saude.rn.gov.br.<\/p>\n\n\n\n<figure class=\"wp-block-image size-large\"><img data-recalc-dims=\"1\" fetchpriority=\"high\" decoding=\"async\" width=\"600\" height=\"338\" src=\"https:\/\/i0.wp.com\/wandilsonramalho.com.br\/blog\/wp-content\/uploads\/2020\/03\/A-2-1024x576-1-600x338-1.png?resize=600%2C338&#038;ssl=1\" alt=\"\" class=\"wp-image-2607\" srcset=\"https:\/\/i0.wp.com\/wandilsonramalho.com.br\/blog\/wp-content\/uploads\/2020\/03\/A-2-1024x576-1-600x338-1.png?w=600&amp;ssl=1 600w, https:\/\/i0.wp.com\/wandilsonramalho.com.br\/blog\/wp-content\/uploads\/2020\/03\/A-2-1024x576-1-600x338-1.png?resize=585%2C330&amp;ssl=1 585w\" sizes=\"(max-width: 600px) 100vw, 600px\" \/><figcaption>Foto: Divulga\u00e7\u00e3o\/Redes Sociais<\/figcaption><\/figure>\n","protected":false},"excerpt":{"rendered":"<p>A governadora F\u00e1tima Bezerra anunciou sexta feira 13, que ir\u00e1 convocar 970 profissionais da sa\u00fade , aprovados no Concurso da Sa\u00fade para refor\u00e7ar o combate preventivo ao coronav\u00edrus . Entre os convocados :farmac\u00eauticos , m\u00e9dicos, t\u00e9cnicos de enfermagem, assistentes sociais e fisioterapeutas . Os concursados fiquem eme alerta. Para acessar a lista dos convocados \u00e9 <a href=\"https:\/\/wandilsonramalho.com.br\/blog\/?p=2606\">&#8230;<\/a><\/p>\n","protected":false},"author":2,"featured_media":2607,"comment_status":"open","ping_status":"open","sticky":false,"template":"","format":"standard","meta":{"_jetpack_memberships_contains_paid_content":false,"footnotes":""},"categories":[30],"tags":[],"class_list":["post-2606","post","type-post","status-publish","format-standard","has-post-thumbnail","hentry","category-avisos"],"jetpack_featured_media_url":"https:\/\/i0.wp.com\/wandilsonramalho.com.br\/blog\/wp-content\/uploads\/2020\/03\/A-2-1024x576-1-600x338-1.png?fit=600%2C338&ssl=1","jetpack_sharing_enabled":true,"_links":{"self":[{"href":"https:\/\/wandilsonramalho.com.br\/blog\/index.php?rest_route=\/wp\/v2\/posts\/2606","targetHints":{"allow":["GET"]}}],"collection":[{"href":"https:\/\/wandilsonramalho.com.br\/blog\/index.php?rest_route=\/wp\/v2\/posts"}],"about":[{"href":"https:\/\/wandilsonramalho.com.br\/blog\/index.php?rest_route=\/wp\/v2\/types\/post"}],"author":[{"embeddable":true,"href":"https:\/\/wandilsonramalho.com.br\/blog\/index.php?rest_route=\/wp\/v2\/users\/2"}],"replies":[{"embeddable":true,"href":"https:\/\/wandilsonramalho.com.br\/blog\/index.php?rest_route=%2Fwp%2Fv2%2Fcomments&post=2606"}],"version-history":[{"count":2,"href":"https:\/\/wandilsonramalho.com.br\/blog\/index.php?rest_route=\/wp\/v2\/posts\/2606\/revisions"}],"predecessor-version":[{"id":2613,"href":"https:\/\/wandilsonramalho.com.br\/blog\/index.php?rest_route=\/wp\/v2\/posts\/2606\/revisions\/2613"}],"wp:featuredmedia":[{"embeddable":true,"href":"https:\/\/wandilsonramalho.com.br\/blog\/index.php?rest_route=\/wp\/v2\/media\/2607"}],"wp:attachment":[{"href":"https:\/\/wandilsonramalho.com.br\/blog\/index.php?rest_route=%2Fwp%2Fv2%2Fmedia&parent=2606"}],"wp:term":[{"taxonomy":"category","embeddable":true,"href":"https:\/\/wandilsonramalho.com.br\/blog\/index.php?rest_route=%2Fwp%2Fv2%2Fcategories&post=2606"},{"taxonomy":"post_tag","embeddable":true,"href":"https:\/\/wandilsonramalho.com.br\/blog\/index.php?rest_route=%2Fwp%2Fv2%2Ftags&post=2606"}],"curies":[{"name":"wp","href":"https:\/\/api.w.org\/{rel}","templated":true}]}}