{"id":25718,"date":"2025-09-30T08:38:16","date_gmt":"2025-09-30T11:38:16","guid":{"rendered":"https:\/\/wandilsonramalho.com.br\/blog\/?p=25718"},"modified":"2025-09-30T08:38:17","modified_gmt":"2025-09-30T11:38:17","slug":"vivasvivaspadre-demetrio-de-freitas-junior","status":"publish","type":"post","link":"https:\/\/wandilsonramalho.com.br\/blog\/?p=25718","title":{"rendered":"VIVAS!VIVAS!PADRE DEMETRIO DE FREITAS JUNIOR !"},"content":{"rendered":"\n<p>Viva a vida !<\/p>\n\n\n\n<p> Viva, o padre Demetrio de Freitas Junior um dos poderosos da Colegio Diocesano de Santa Luzia e Unicat\u00f3lica&nbsp; que hoje recebe os vivas pelo seu niver.<\/p>\n\n\n\n<p>Parab\u00e9ns, felicidades mis , amigo fin\u00e9rrimo!<\/p>\n\n\n\n\n","protected":false},"excerpt":{"rendered":"<p>Viva a vida ! Viva, o padre Demetrio de Freitas Junior um dos poderosos da Colegio Diocesano de Santa Luzia e Unicat\u00f3lica&nbsp; que hoje recebe os vivas pelo seu niver. Parab\u00e9ns, felicidades mis , amigo fin\u00e9rrimo! <a href=\"https:\/\/wandilsonramalho.com.br\/blog\/?p=25718\">&#8230;<\/a><\/p>\n","protected":false},"author":2,"featured_media":25721,"comment_status":"open","ping_status":"open","sticky":false,"template":"","format":"standard","meta":{"_jetpack_memberships_contains_paid_content":false,"footnotes":""},"categories":[1],"tags":[],"class_list":["post-25718","post","type-post","status-publish","format-standard","has-post-thumbnail","hentry","category-uncategorized"],"jetpack_featured_media_url":"https:\/\/i0.wp.com\/wandilsonramalho.com.br\/blog\/wp-content\/uploads\/2025\/09\/f01-demetrio12.jpg?fit=430%2C430&ssl=1","jetpack_sharing_enabled":true,"_links":{"self":[{"href":"https:\/\/wandilsonramalho.com.br\/blog\/index.php?rest_route=\/wp\/v2\/posts\/25718","targetHints":{"allow":["GET"]}}],"collection":[{"href":"https:\/\/wandilsonramalho.com.br\/blog\/index.php?rest_route=\/wp\/v2\/posts"}],"about":[{"href":"https:\/\/wandilsonramalho.com.br\/blog\/index.php?rest_route=\/wp\/v2\/types\/post"}],"author":[{"embeddable":true,"href":"https:\/\/wandilsonramalho.com.br\/blog\/index.php?rest_route=\/wp\/v2\/users\/2"}],"replies":[{"embeddable":true,"href":"https:\/\/wandilsonramalho.com.br\/blog\/index.php?rest_route=%2Fwp%2Fv2%2Fcomments&post=25718"}],"version-history":[{"count":1,"href":"https:\/\/wandilsonramalho.com.br\/blog\/index.php?rest_route=\/wp\/v2\/posts\/25718\/revisions"}],"predecessor-version":[{"id":25722,"href":"https:\/\/wandilsonramalho.com.br\/blog\/index.php?rest_route=\/wp\/v2\/posts\/25718\/revisions\/25722"}],"wp:featuredmedia":[{"embeddable":true,"href":"https:\/\/wandilsonramalho.com.br\/blog\/index.php?rest_route=\/wp\/v2\/media\/25721"}],"wp:attachment":[{"href":"https:\/\/wandilsonramalho.com.br\/blog\/index.php?rest_route=%2Fwp%2Fv2%2Fmedia&parent=25718"}],"wp:term":[{"taxonomy":"category","embeddable":true,"href":"https:\/\/wandilsonramalho.com.br\/blog\/index.php?rest_route=%2Fwp%2Fv2%2Fcategories&post=25718"},{"taxonomy":"post_tag","embeddable":true,"href":"https:\/\/wandilsonramalho.com.br\/blog\/index.php?rest_route=%2Fwp%2Fv2%2Ftags&post=25718"}],"curies":[{"name":"wp","href":"https:\/\/api.w.org\/{rel}","templated":true}]}}