{"id":25715,"date":"2025-09-30T08:36:38","date_gmt":"2025-09-30T11:36:38","guid":{"rendered":"https:\/\/wandilsonramalho.com.br\/blog\/?p=25715"},"modified":"2025-09-30T08:36:39","modified_gmt":"2025-09-30T11:36:39","slug":"aniversario-casa-de-cultura-popular-manoel-do-violao","status":"publish","type":"post","link":"https:\/\/wandilsonramalho.com.br\/blog\/?p=25715","title":{"rendered":"ANIVERS\u00c1RIO , CASA DE CULTURA POPULAR MANOEL DO VIOL\u00c3O!"},"content":{"rendered":"\n<p>O fin\u00e9rrimo Secret\u00e1rio de Cultura e Turismo Francisco Antonio Alves enviando programa\u00e7\u00e3o importante do 19\u00ba Anivers\u00e1rio da Casa de Cultura Popular Manoel do Viol\u00e3o com programa\u00e7\u00e3o que acontece de 29 a 03 de outubro. <\/p>\n\n\n\n<p>Ontem com exposi\u00e7\u00e3o itinerante Funda\u00e7\u00e3o Jos\u00e9 Augusto , de Neto Cartoon -Neto Silva e exposi\u00e7\u00e3o do Museu e de cord\u00e9is . <\/p>\n\n\n\n<p>Hoje,apresenta\u00e7\u00e3o e sala de Cinema Nacional &nbsp;e &nbsp;ensaio aberto ao publico da Banda de M\u00fasica Maestro Joaquim Amancio .<\/p>\n\n\n\n<p>Dia 3 encerrando com apresenta\u00e7\u00e3o do projeto Rimas Potiguares :Funda\u00e7\u00e3o Jos\u00e9 Augusto , Felipe Pereira e Helanio Moreira , &nbsp;Miro Pereira de Patu e Dami\u00e3o da Silva de Cara\u00fabas .<\/p>\n\n\n\n<p>Viva a cultura ! Viva a Casa de Cultura Popular , Viva Cara\u00fabas! <\/p>\n","protected":false},"excerpt":{"rendered":"<p>O fin\u00e9rrimo Secret\u00e1rio de Cultura e Turismo Francisco Antonio Alves enviando programa\u00e7\u00e3o importante do 19\u00ba Anivers\u00e1rio da Casa de Cultura Popular Manoel do Viol\u00e3o com programa\u00e7\u00e3o que acontece de 29 a 03 de outubro. Ontem com exposi\u00e7\u00e3o itinerante Funda\u00e7\u00e3o Jos\u00e9 Augusto , de Neto Cartoon -Neto Silva e exposi\u00e7\u00e3o do Museu e de cord\u00e9is . <a href=\"https:\/\/wandilsonramalho.com.br\/blog\/?p=25715\">&#8230;<\/a><\/p>\n","protected":false},"author":2,"featured_media":25719,"comment_status":"open","ping_status":"open","sticky":false,"template":"","format":"standard","meta":{"_jetpack_memberships_contains_paid_content":false,"footnotes":""},"categories":[1],"tags":[],"class_list":["post-25715","post","type-post","status-publish","format-standard","has-post-thumbnail","hentry","category-uncategorized"],"jetpack_featured_media_url":"https:\/\/i0.wp.com\/wandilsonramalho.com.br\/blog\/wp-content\/uploads\/2025\/09\/cultura11.jpg?fit=280%2C348&ssl=1","jetpack_sharing_enabled":true,"_links":{"self":[{"href":"https:\/\/wandilsonramalho.com.br\/blog\/index.php?rest_route=\/wp\/v2\/posts\/25715","targetHints":{"allow":["GET"]}}],"collection":[{"href":"https:\/\/wandilsonramalho.com.br\/blog\/index.php?rest_route=\/wp\/v2\/posts"}],"about":[{"href":"https:\/\/wandilsonramalho.com.br\/blog\/index.php?rest_route=\/wp\/v2\/types\/post"}],"author":[{"embeddable":true,"href":"https:\/\/wandilsonramalho.com.br\/blog\/index.php?rest_route=\/wp\/v2\/users\/2"}],"replies":[{"embeddable":true,"href":"https:\/\/wandilsonramalho.com.br\/blog\/index.php?rest_route=%2Fwp%2Fv2%2Fcomments&post=25715"}],"version-history":[{"count":2,"href":"https:\/\/wandilsonramalho.com.br\/blog\/index.php?rest_route=\/wp\/v2\/posts\/25715\/revisions"}],"predecessor-version":[{"id":25720,"href":"https:\/\/wandilsonramalho.com.br\/blog\/index.php?rest_route=\/wp\/v2\/posts\/25715\/revisions\/25720"}],"wp:featuredmedia":[{"embeddable":true,"href":"https:\/\/wandilsonramalho.com.br\/blog\/index.php?rest_route=\/wp\/v2\/media\/25719"}],"wp:attachment":[{"href":"https:\/\/wandilsonramalho.com.br\/blog\/index.php?rest_route=%2Fwp%2Fv2%2Fmedia&parent=25715"}],"wp:term":[{"taxonomy":"category","embeddable":true,"href":"https:\/\/wandilsonramalho.com.br\/blog\/index.php?rest_route=%2Fwp%2Fv2%2Fcategories&post=25715"},{"taxonomy":"post_tag","embeddable":true,"href":"https:\/\/wandilsonramalho.com.br\/blog\/index.php?rest_route=%2Fwp%2Fv2%2Ftags&post=25715"}],"curies":[{"name":"wp","href":"https:\/\/api.w.org\/{rel}","templated":true}]}}