{"id":25702,"date":"2025-09-27T01:52:00","date_gmt":"2025-09-27T04:52:00","guid":{"rendered":"https:\/\/wandilsonramalho.com.br\/blog\/?p=25702"},"modified":"2025-09-26T09:10:40","modified_gmt":"2025-09-26T12:10:40","slug":"dr-manoel-gilmar-dra-isadora-priscila-dizem-sim","status":"publish","type":"post","link":"https:\/\/wandilsonramalho.com.br\/blog\/?p=25702","title":{"rendered":"DR.MANOEL GILMAR &amp;DRA ISADORA PRISCILA , DIZEM SIM."},"content":{"rendered":"\n<p>ISADORA &amp; MANOEL<\/p>\n\n\n\n<p>Hoje, 27 de setembro de 2025,\u00e0s 19h30 \u00a0marca na hist\u00f3ria de vida de \u00a0voc\u00eas, os noivos lindos e amados\u00a0 Isadora e Manoel \u00a0que ir\u00e3o escrever juntos,um novo capitulo .<\/p>\n\n\n\n<p> Duas vidas que se escolheram n\u00e3o por acaso, mas pelo destino .Que lindo !<\/p>\n\n\n\n<p>N\u00f3s, este colunista e Tica estamos felizes em participar deste momento t\u00e3o lindo\u00a0 que Deus preparou t\u00e3o bonito esse dia escrito com amor como um jardim bem cuidado.!<\/p>\n\n\n\n<p>\u00c8 voto, \u00e9 alian\u00e7a, \u00e9 sonho inteiro.<\/p>\n\n\n\n<p>Amor que come\u00e7a no doce sim de Isadora e Manoel , no instante \u00a0em que Apodi p\u00e1ra pra escutar os dois dizerem sim, sim !<\/p>\n\n\n\n<p>ISADORA &amp; MANOEL<\/p>\n\n\n\n<p>Mergulhando hoje , nos tempos idos e exatamente na resid\u00eancia de Gilmar e Aparecida que conhecemos o noivo Manoel Gilmar , aquela crian\u00e7a feliz , o jovem que cresceu , o homem que buscou seus sonhos e realizou .<\/p>\n\n\n\n<p>S\u00e1bado , ele realiza o outro sonho, a semente do eterno :SIM!<\/p>\n\n\n\n<p> O sim , \u00e1 sua linda noiva Isadora na Igreja Matriz de Apodi e recep\u00e7\u00e3o no Rancho U\u2019mambas ,sitio Barra.<\/p>\n\n\n\n<p>Festa chique !Festa de luz! Festa de amor ! \u00a0\u00a0<\/p>\n\n\n\n\n","protected":false},"excerpt":{"rendered":"<p>ISADORA &amp; MANOEL Hoje, 27 de setembro de 2025,\u00e0s 19h30 \u00a0marca na hist\u00f3ria de vida de \u00a0voc\u00eas, os noivos lindos e amados\u00a0 Isadora e Manoel \u00a0que ir\u00e3o escrever juntos,um novo capitulo . Duas vidas que se escolheram n\u00e3o por acaso, mas pelo destino .Que lindo ! N\u00f3s, este colunista e Tica estamos felizes em participar <a href=\"https:\/\/wandilsonramalho.com.br\/blog\/?p=25702\">&#8230;<\/a><\/p>\n","protected":false},"author":2,"featured_media":25703,"comment_status":"open","ping_status":"open","sticky":false,"template":"","format":"standard","meta":{"_jetpack_memberships_contains_paid_content":false,"footnotes":""},"categories":[1],"tags":[],"class_list":["post-25702","post","type-post","status-publish","format-standard","has-post-thumbnail","hentry","category-uncategorized"],"jetpack_featured_media_url":"https:\/\/i0.wp.com\/wandilsonramalho.com.br\/blog\/wp-content\/uploads\/2025\/09\/manoel-i-isadora-priscila12.jpg?fit=339%2C398&ssl=1","jetpack_sharing_enabled":true,"_links":{"self":[{"href":"https:\/\/wandilsonramalho.com.br\/blog\/index.php?rest_route=\/wp\/v2\/posts\/25702","targetHints":{"allow":["GET"]}}],"collection":[{"href":"https:\/\/wandilsonramalho.com.br\/blog\/index.php?rest_route=\/wp\/v2\/posts"}],"about":[{"href":"https:\/\/wandilsonramalho.com.br\/blog\/index.php?rest_route=\/wp\/v2\/types\/post"}],"author":[{"embeddable":true,"href":"https:\/\/wandilsonramalho.com.br\/blog\/index.php?rest_route=\/wp\/v2\/users\/2"}],"replies":[{"embeddable":true,"href":"https:\/\/wandilsonramalho.com.br\/blog\/index.php?rest_route=%2Fwp%2Fv2%2Fcomments&post=25702"}],"version-history":[{"count":2,"href":"https:\/\/wandilsonramalho.com.br\/blog\/index.php?rest_route=\/wp\/v2\/posts\/25702\/revisions"}],"predecessor-version":[{"id":25705,"href":"https:\/\/wandilsonramalho.com.br\/blog\/index.php?rest_route=\/wp\/v2\/posts\/25702\/revisions\/25705"}],"wp:featuredmedia":[{"embeddable":true,"href":"https:\/\/wandilsonramalho.com.br\/blog\/index.php?rest_route=\/wp\/v2\/media\/25703"}],"wp:attachment":[{"href":"https:\/\/wandilsonramalho.com.br\/blog\/index.php?rest_route=%2Fwp%2Fv2%2Fmedia&parent=25702"}],"wp:term":[{"taxonomy":"category","embeddable":true,"href":"https:\/\/wandilsonramalho.com.br\/blog\/index.php?rest_route=%2Fwp%2Fv2%2Fcategories&post=25702"},{"taxonomy":"post_tag","embeddable":true,"href":"https:\/\/wandilsonramalho.com.br\/blog\/index.php?rest_route=%2Fwp%2Fv2%2Ftags&post=25702"}],"curies":[{"name":"wp","href":"https:\/\/api.w.org\/{rel}","templated":true}]}}