{"id":25655,"date":"2025-09-24T01:54:00","date_gmt":"2025-09-24T04:54:00","guid":{"rendered":"https:\/\/wandilsonramalho.com.br\/blog\/?p=25655"},"modified":"2025-09-23T08:59:09","modified_gmt":"2025-09-23T11:59:09","slug":"dra-veluzia-e-mil","status":"publish","type":"post","link":"https:\/\/wandilsonramalho.com.br\/blog\/?p=25655","title":{"rendered":"DRA VELUZIA \u00c9 MIL !"},"content":{"rendered":"\n<p>A m\u00e9dica (meu anjo), dra Veluzia Gurgel que instalou em nossa cidade o Lar dos Idosos , participou ter\u00e7a feira 22 , da Conferencia Estadula do Idoso no Centro de Conven\u00e7\u00f5es em Natal.<\/p>\n\n\n\n<p>Ela cuida, ama e zela pelos idosos deste Lar.<\/p>\n\n\n\n<p>Aplausos !<\/p>\n\n\n\n\n","protected":false},"excerpt":{"rendered":"<p>A m\u00e9dica (meu anjo), dra Veluzia Gurgel que instalou em nossa cidade o Lar dos Idosos , participou ter\u00e7a feira 22 , da Conferencia Estadula do Idoso no Centro de Conven\u00e7\u00f5es em Natal. Ela cuida, ama e zela pelos idosos deste Lar. Aplausos ! <a href=\"https:\/\/wandilsonramalho.com.br\/blog\/?p=25655\">&#8230;<\/a><\/p>\n","protected":false},"author":2,"featured_media":25656,"comment_status":"open","ping_status":"open","sticky":false,"template":"","format":"standard","meta":{"_jetpack_memberships_contains_paid_content":false,"footnotes":""},"categories":[1],"tags":[],"class_list":["post-25655","post","type-post","status-publish","format-standard","has-post-thumbnail","hentry","category-uncategorized"],"jetpack_featured_media_url":"https:\/\/i0.wp.com\/wandilsonramalho.com.br\/blog\/wp-content\/uploads\/2025\/09\/1.jpg?fit=340%2C361&ssl=1","jetpack_sharing_enabled":true,"_links":{"self":[{"href":"https:\/\/wandilsonramalho.com.br\/blog\/index.php?rest_route=\/wp\/v2\/posts\/25655","targetHints":{"allow":["GET"]}}],"collection":[{"href":"https:\/\/wandilsonramalho.com.br\/blog\/index.php?rest_route=\/wp\/v2\/posts"}],"about":[{"href":"https:\/\/wandilsonramalho.com.br\/blog\/index.php?rest_route=\/wp\/v2\/types\/post"}],"author":[{"embeddable":true,"href":"https:\/\/wandilsonramalho.com.br\/blog\/index.php?rest_route=\/wp\/v2\/users\/2"}],"replies":[{"embeddable":true,"href":"https:\/\/wandilsonramalho.com.br\/blog\/index.php?rest_route=%2Fwp%2Fv2%2Fcomments&post=25655"}],"version-history":[{"count":1,"href":"https:\/\/wandilsonramalho.com.br\/blog\/index.php?rest_route=\/wp\/v2\/posts\/25655\/revisions"}],"predecessor-version":[{"id":25657,"href":"https:\/\/wandilsonramalho.com.br\/blog\/index.php?rest_route=\/wp\/v2\/posts\/25655\/revisions\/25657"}],"wp:featuredmedia":[{"embeddable":true,"href":"https:\/\/wandilsonramalho.com.br\/blog\/index.php?rest_route=\/wp\/v2\/media\/25656"}],"wp:attachment":[{"href":"https:\/\/wandilsonramalho.com.br\/blog\/index.php?rest_route=%2Fwp%2Fv2%2Fmedia&parent=25655"}],"wp:term":[{"taxonomy":"category","embeddable":true,"href":"https:\/\/wandilsonramalho.com.br\/blog\/index.php?rest_route=%2Fwp%2Fv2%2Fcategories&post=25655"},{"taxonomy":"post_tag","embeddable":true,"href":"https:\/\/wandilsonramalho.com.br\/blog\/index.php?rest_route=%2Fwp%2Fv2%2Ftags&post=25655"}],"curies":[{"name":"wp","href":"https:\/\/api.w.org\/{rel}","templated":true}]}}