{"id":25651,"date":"2025-09-23T08:52:18","date_gmt":"2025-09-23T11:52:18","guid":{"rendered":"https:\/\/wandilsonramalho.com.br\/blog\/?p=25651"},"modified":"2025-09-23T08:52:20","modified_gmt":"2025-09-23T11:52:20","slug":"tiao-e-salete-celebrando-58-anos-do-sim","status":"publish","type":"post","link":"https:\/\/wandilsonramalho.com.br\/blog\/?p=25651","title":{"rendered":"TI\u00c3O E SALETE CELEBRANDO 58 ANOS DO &#8220;SIM&#8221;."},"content":{"rendered":"\n<p>Os cora\u00e7\u00f5es de TI\u00e3o e Salete escolheram amar todos os dias.<\/p>\n\n\n\n<p>Que lindo !<\/p>\n\n\n\n<p>Hoje , 23 de setembro , o casal celebrando 58 anos do sim, escolheram amar todos os dias !<\/p>\n\n\n\n<p>Se esbarraram na vida , se olharam e at\u00e9 hoje, conjugam o verbo amar ..juntos .<\/p>\n\n\n\n<p>Uma prole linda, uma familia feliz !<\/p>\n\n\n\n<p>Parab\u00e9ns e viva o amor .<\/p>\n\n\n\n<p>Sou f\u00e3 deste casal !<\/p>\n","protected":false},"excerpt":{"rendered":"<p>Os cora\u00e7\u00f5es de TI\u00e3o e Salete escolheram amar todos os dias. Que lindo ! Hoje , 23 de setembro , o casal celebrando 58 anos do sim, escolheram amar todos os dias ! Se esbarraram na vida , se olharam e at\u00e9 hoje, conjugam o verbo amar ..juntos . Uma prole linda, uma familia feliz <a href=\"https:\/\/wandilsonramalho.com.br\/blog\/?p=25651\">&#8230;<\/a><\/p>\n","protected":false},"author":2,"featured_media":25652,"comment_status":"open","ping_status":"open","sticky":false,"template":"","format":"standard","meta":{"_jetpack_memberships_contains_paid_content":false,"footnotes":""},"categories":[1],"tags":[],"class_list":["post-25651","post","type-post","status-publish","format-standard","has-post-thumbnail","hentry","category-uncategorized"],"jetpack_featured_media_url":"https:\/\/i0.wp.com\/wandilsonramalho.com.br\/blog\/wp-content\/uploads\/2025\/09\/salete-1.jpg?fit=296%2C370&ssl=1","jetpack_sharing_enabled":true,"_links":{"self":[{"href":"https:\/\/wandilsonramalho.com.br\/blog\/index.php?rest_route=\/wp\/v2\/posts\/25651","targetHints":{"allow":["GET"]}}],"collection":[{"href":"https:\/\/wandilsonramalho.com.br\/blog\/index.php?rest_route=\/wp\/v2\/posts"}],"about":[{"href":"https:\/\/wandilsonramalho.com.br\/blog\/index.php?rest_route=\/wp\/v2\/types\/post"}],"author":[{"embeddable":true,"href":"https:\/\/wandilsonramalho.com.br\/blog\/index.php?rest_route=\/wp\/v2\/users\/2"}],"replies":[{"embeddable":true,"href":"https:\/\/wandilsonramalho.com.br\/blog\/index.php?rest_route=%2Fwp%2Fv2%2Fcomments&post=25651"}],"version-history":[{"count":1,"href":"https:\/\/wandilsonramalho.com.br\/blog\/index.php?rest_route=\/wp\/v2\/posts\/25651\/revisions"}],"predecessor-version":[{"id":25653,"href":"https:\/\/wandilsonramalho.com.br\/blog\/index.php?rest_route=\/wp\/v2\/posts\/25651\/revisions\/25653"}],"wp:featuredmedia":[{"embeddable":true,"href":"https:\/\/wandilsonramalho.com.br\/blog\/index.php?rest_route=\/wp\/v2\/media\/25652"}],"wp:attachment":[{"href":"https:\/\/wandilsonramalho.com.br\/blog\/index.php?rest_route=%2Fwp%2Fv2%2Fmedia&parent=25651"}],"wp:term":[{"taxonomy":"category","embeddable":true,"href":"https:\/\/wandilsonramalho.com.br\/blog\/index.php?rest_route=%2Fwp%2Fv2%2Fcategories&post=25651"},{"taxonomy":"post_tag","embeddable":true,"href":"https:\/\/wandilsonramalho.com.br\/blog\/index.php?rest_route=%2Fwp%2Fv2%2Ftags&post=25651"}],"curies":[{"name":"wp","href":"https:\/\/api.w.org\/{rel}","templated":true}]}}