{"id":25631,"date":"2025-09-23T01:37:00","date_gmt":"2025-09-23T04:37:00","guid":{"rendered":"https:\/\/wandilsonramalho.com.br\/blog\/?p=25631"},"modified":"2025-09-22T16:37:49","modified_gmt":"2025-09-22T19:37:49","slug":"membros-do-conselho-paroquial-caraubas-rn","status":"publish","type":"post","link":"https:\/\/wandilsonramalho.com.br\/blog\/?p=25631","title":{"rendered":"MEMBROS DO CONSELHO PAROQUIAL -CARA\u00daBAS \/RN."},"content":{"rendered":"\n<p>Oh, gl\u00f3ria !!<\/p>\n\n\n\n<p>Dom Francisco de Sales Bispo Diocesano de Mossor\u00f3 , nomeou os membros do Conselho Paroquial de Assuntos Ec\u00f4nomicos da Par\u00f3quia de S\u00e3o Sebasti\u00e3o -Cara\u00fabas \/RN por um periodo de tr\u00eas anos .<\/p>\n\n\n\n<p>O Conselho \u00e9 formado  :<\/p>\n\n\n\n<p>Reginaldo Fernandes de Oliveira <\/p>\n\n\n\n<p>Elenil\u00e7a de  LIma .<\/p>\n\n\n\n<p>Vandilson Ramalho de Oliveira <\/p>\n\n\n\n<p>Robson Luiz Soares Gurgel.<\/p>\n\n\n\n<p>Na missa do domingo, o Padre Icaro Dre\u00e2n , apresentou os membros deste Conselho .<\/p>\n\n\n\n<p>Aplausos !<\/p>\n\n\n\n<figure class=\"wp-block-image size-full\"><img data-recalc-dims=\"1\" fetchpriority=\"high\" decoding=\"async\" width=\"450\" height=\"338\" src=\"https:\/\/i0.wp.com\/wandilsonramalho.com.br\/blog\/wp-content\/uploads\/2025\/09\/thumbnail-2.jpg?resize=450%2C338&#038;ssl=1\" alt=\"\" class=\"wp-image-25632\"\/><\/figure>\n","protected":false},"excerpt":{"rendered":"<p>Oh, gl\u00f3ria !! Dom Francisco de Sales Bispo Diocesano de Mossor\u00f3 , nomeou os membros do Conselho Paroquial de Assuntos Ec\u00f4nomicos da Par\u00f3quia de S\u00e3o Sebasti\u00e3o -Cara\u00fabas \/RN por um periodo de tr\u00eas anos . O Conselho \u00e9 formado : Reginaldo Fernandes de Oliveira Elenil\u00e7a de LIma . Vandilson Ramalho de Oliveira Robson Luiz Soares <a href=\"https:\/\/wandilsonramalho.com.br\/blog\/?p=25631\">&#8230;<\/a><\/p>\n","protected":false},"author":2,"featured_media":25632,"comment_status":"open","ping_status":"open","sticky":false,"template":"","format":"standard","meta":{"_jetpack_memberships_contains_paid_content":false,"footnotes":""},"categories":[1],"tags":[],"class_list":["post-25631","post","type-post","status-publish","format-standard","has-post-thumbnail","hentry","category-uncategorized"],"jetpack_featured_media_url":"https:\/\/i0.wp.com\/wandilsonramalho.com.br\/blog\/wp-content\/uploads\/2025\/09\/thumbnail-2.jpg?fit=450%2C338&ssl=1","jetpack_sharing_enabled":true,"_links":{"self":[{"href":"https:\/\/wandilsonramalho.com.br\/blog\/index.php?rest_route=\/wp\/v2\/posts\/25631","targetHints":{"allow":["GET"]}}],"collection":[{"href":"https:\/\/wandilsonramalho.com.br\/blog\/index.php?rest_route=\/wp\/v2\/posts"}],"about":[{"href":"https:\/\/wandilsonramalho.com.br\/blog\/index.php?rest_route=\/wp\/v2\/types\/post"}],"author":[{"embeddable":true,"href":"https:\/\/wandilsonramalho.com.br\/blog\/index.php?rest_route=\/wp\/v2\/users\/2"}],"replies":[{"embeddable":true,"href":"https:\/\/wandilsonramalho.com.br\/blog\/index.php?rest_route=%2Fwp%2Fv2%2Fcomments&post=25631"}],"version-history":[{"count":1,"href":"https:\/\/wandilsonramalho.com.br\/blog\/index.php?rest_route=\/wp\/v2\/posts\/25631\/revisions"}],"predecessor-version":[{"id":25633,"href":"https:\/\/wandilsonramalho.com.br\/blog\/index.php?rest_route=\/wp\/v2\/posts\/25631\/revisions\/25633"}],"wp:featuredmedia":[{"embeddable":true,"href":"https:\/\/wandilsonramalho.com.br\/blog\/index.php?rest_route=\/wp\/v2\/media\/25632"}],"wp:attachment":[{"href":"https:\/\/wandilsonramalho.com.br\/blog\/index.php?rest_route=%2Fwp%2Fv2%2Fmedia&parent=25631"}],"wp:term":[{"taxonomy":"category","embeddable":true,"href":"https:\/\/wandilsonramalho.com.br\/blog\/index.php?rest_route=%2Fwp%2Fv2%2Fcategories&post=25631"},{"taxonomy":"post_tag","embeddable":true,"href":"https:\/\/wandilsonramalho.com.br\/blog\/index.php?rest_route=%2Fwp%2Fv2%2Ftags&post=25631"}],"curies":[{"name":"wp","href":"https:\/\/api.w.org\/{rel}","templated":true}]}}