{"id":25126,"date":"2024-10-13T00:40:00","date_gmt":"2024-10-13T03:40:00","guid":{"rendered":"https:\/\/wandilsonramalho.com.br\/blog\/?p=25126"},"modified":"2024-10-10T08:44:22","modified_gmt":"2024-10-10T11:44:22","slug":"epitafio-cancao-de-titas","status":"publish","type":"post","link":"https:\/\/wandilsonramalho.com.br\/blog\/?p=25126","title":{"rendered":"EPIT\u00c1FIO CAN\u00c7\u00c3O DE TIT\u00c3S!"},"content":{"rendered":"\n<p>Devia ter amado mais<\/p>\n\n\n\n<p>Ter chorado mais<\/p>\n\n\n\n<p>Ter visto o sol nascer<\/p>\n\n\n\n<p>Devia ter arriscado mais<\/p>\n\n\n\n<p>E at\u00e9 errado mais<\/p>\n\n\n\n<p>Ter feito o que eu queria fazer<\/p>\n\n\n\n<p>Queria ter aceitado<\/p>\n\n\n\n<p>As pessoas como elas s\u00e3o<\/p>\n\n\n\n<p>Cada um sabe a alegria<\/p>\n\n\n\n<p>E a dor que traz no cora\u00e7\u00e3o<\/p>\n\n\n\n<p>O acaso vai me proteger<\/p>\n\n\n\n<p>Enquanto eu andar distra\u00eddo<\/p>\n\n\n\n<p>O acaso vai me proteger<\/p>\n\n\n\n<p>Enquanto eu andar<\/p>\n\n\n\n<p>Devia ter complicado menos<\/p>\n\n\n\n<p>Trabalhado menos<\/p>\n\n\n\n<p>Ter visto o sol se p\u00f4r<\/p>\n\n\n\n<p>Devia ter me importado menos<\/p>\n\n\n\n<p>Com problemas pequenos<\/p>\n\n\n\n<p>Ter morrido de amor<\/p>\n\n\n\n<p>Queria ter aceitado<\/p>\n\n\n\n<p>A vida como ela \u00e9<\/p>\n\n\n\n<p>A cada um cabe alegrias<\/p>\n\n\n\n<p>E a tristeza que vier<\/p>\n\n\n\n<p>O acaso vai me proteger<\/p>\n\n\n\n<p>Enquanto eu andar distra\u00eddo<\/p>\n\n\n\n<p>O acaso vai me proteger<\/p>\n\n\n\n<p>Enquanto eu andar<\/p>\n\n\n\n<p>O acaso vai me proteger<\/p>\n\n\n\n<p>Enquanto eu andar distra\u00eddo<\/p>\n\n\n\n<p>O acaso vai me proteger<\/p>\n\n\n\n<p>Enquanto eu andar<\/p>\n\n\n\n<p>Devia ter complicado menos<\/p>\n\n\n\n<p>Trabalhado menos<\/p>\n\n\n\n<p>Ter visto o sol se p\u00f4r<\/p>\n\n\n\n<p>Foto LIana .<\/p>\n\n\n\n<p>&#8220;<\/p>\n","protected":false},"excerpt":{"rendered":"<p>Devia ter amado mais Ter chorado mais Ter visto o sol nascer Devia ter arriscado mais E at\u00e9 errado mais Ter feito o que eu queria fazer Queria ter aceitado As pessoas como elas s\u00e3o Cada um sabe a alegria E a dor que traz no cora\u00e7\u00e3o O acaso vai me proteger Enquanto eu andar <a href=\"https:\/\/wandilsonramalho.com.br\/blog\/?p=25126\">&#8230;<\/a><\/p>\n","protected":false},"author":2,"featured_media":25127,"comment_status":"open","ping_status":"open","sticky":false,"template":"","format":"standard","meta":{"_jetpack_memberships_contains_paid_content":false,"footnotes":""},"categories":[1],"tags":[],"class_list":["post-25126","post","type-post","status-publish","format-standard","has-post-thumbnail","hentry","category-uncategorized"],"jetpack_featured_media_url":"https:\/\/i0.wp.com\/wandilsonramalho.com.br\/blog\/wp-content\/uploads\/2024\/10\/LAIAN.jpg?fit=960%2C960&ssl=1","jetpack_sharing_enabled":true,"_links":{"self":[{"href":"https:\/\/wandilsonramalho.com.br\/blog\/index.php?rest_route=\/wp\/v2\/posts\/25126","targetHints":{"allow":["GET"]}}],"collection":[{"href":"https:\/\/wandilsonramalho.com.br\/blog\/index.php?rest_route=\/wp\/v2\/posts"}],"about":[{"href":"https:\/\/wandilsonramalho.com.br\/blog\/index.php?rest_route=\/wp\/v2\/types\/post"}],"author":[{"embeddable":true,"href":"https:\/\/wandilsonramalho.com.br\/blog\/index.php?rest_route=\/wp\/v2\/users\/2"}],"replies":[{"embeddable":true,"href":"https:\/\/wandilsonramalho.com.br\/blog\/index.php?rest_route=%2Fwp%2Fv2%2Fcomments&post=25126"}],"version-history":[{"count":1,"href":"https:\/\/wandilsonramalho.com.br\/blog\/index.php?rest_route=\/wp\/v2\/posts\/25126\/revisions"}],"predecessor-version":[{"id":25128,"href":"https:\/\/wandilsonramalho.com.br\/blog\/index.php?rest_route=\/wp\/v2\/posts\/25126\/revisions\/25128"}],"wp:featuredmedia":[{"embeddable":true,"href":"https:\/\/wandilsonramalho.com.br\/blog\/index.php?rest_route=\/wp\/v2\/media\/25127"}],"wp:attachment":[{"href":"https:\/\/wandilsonramalho.com.br\/blog\/index.php?rest_route=%2Fwp%2Fv2%2Fmedia&parent=25126"}],"wp:term":[{"taxonomy":"category","embeddable":true,"href":"https:\/\/wandilsonramalho.com.br\/blog\/index.php?rest_route=%2Fwp%2Fv2%2Fcategories&post=25126"},{"taxonomy":"post_tag","embeddable":true,"href":"https:\/\/wandilsonramalho.com.br\/blog\/index.php?rest_route=%2Fwp%2Fv2%2Ftags&post=25126"}],"curies":[{"name":"wp","href":"https:\/\/api.w.org\/{rel}","templated":true}]}}