{"id":2500,"date":"2020-03-12T01:53:00","date_gmt":"2020-03-12T04:53:00","guid":{"rendered":"https:\/\/wandilsonramalho.com.br\/blog\/?p=2500"},"modified":"2020-03-11T16:58:34","modified_gmt":"2020-03-11T19:58:34","slug":"encontro-do-creas-caraubas-rn","status":"publish","type":"post","link":"https:\/\/wandilsonramalho.com.br\/blog\/?p=2500","title":{"rendered":"encontro do creas -cara\u00fabas \/rn"},"content":{"rendered":"\n<p> Cara\u00fabas sediou ter\u00e7a feira 10 , o encontro regional dos Centros de Refer\u00eancias Especializados em Assist\u00eancia Social (Creas), para debater apoio em medidas socioeducativas. <\/p>\n\n\n\n<p>O encontro\u00a0 contou com as participa\u00e7\u00f5es de nove Creas de munic\u00edpios circunvizinhos, Apodi, Umarizal, Patu, Mossor\u00f3, Tibau, Areia Branca, Barauna e Cara\u00fabas.<\/p>\n\n\n\n<p>Encontro realizado no audit\u00f3rio da Prefeitura e foi coordenado por uma equipe do Governo do Estado .<\/p>\n","protected":false},"excerpt":{"rendered":"<p>Cara\u00fabas sediou ter\u00e7a feira 10 , o encontro regional dos Centros de Refer\u00eancias Especializados em Assist\u00eancia Social (Creas), para debater apoio em medidas socioeducativas. O encontro\u00a0 contou com as participa\u00e7\u00f5es de nove Creas de munic\u00edpios circunvizinhos, Apodi, Umarizal, Patu, Mossor\u00f3, Tibau, Areia Branca, Barauna e Cara\u00fabas. Encontro realizado no audit\u00f3rio da Prefeitura e foi coordenado <a href=\"https:\/\/wandilsonramalho.com.br\/blog\/?p=2500\">&#8230;<\/a><\/p>\n","protected":false},"author":2,"featured_media":2501,"comment_status":"open","ping_status":"open","sticky":false,"template":"","format":"standard","meta":{"_jetpack_memberships_contains_paid_content":false,"footnotes":""},"categories":[18],"tags":[],"class_list":["post-2500","post","type-post","status-publish","format-standard","has-post-thumbnail","hentry","category-caraubas"],"jetpack_featured_media_url":"https:\/\/i0.wp.com\/wandilsonramalho.com.br\/blog\/wp-content\/uploads\/2020\/03\/IMG_4602.jpg?fit=641%2C427&ssl=1","jetpack_sharing_enabled":true,"_links":{"self":[{"href":"https:\/\/wandilsonramalho.com.br\/blog\/index.php?rest_route=\/wp\/v2\/posts\/2500","targetHints":{"allow":["GET"]}}],"collection":[{"href":"https:\/\/wandilsonramalho.com.br\/blog\/index.php?rest_route=\/wp\/v2\/posts"}],"about":[{"href":"https:\/\/wandilsonramalho.com.br\/blog\/index.php?rest_route=\/wp\/v2\/types\/post"}],"author":[{"embeddable":true,"href":"https:\/\/wandilsonramalho.com.br\/blog\/index.php?rest_route=\/wp\/v2\/users\/2"}],"replies":[{"embeddable":true,"href":"https:\/\/wandilsonramalho.com.br\/blog\/index.php?rest_route=%2Fwp%2Fv2%2Fcomments&post=2500"}],"version-history":[{"count":1,"href":"https:\/\/wandilsonramalho.com.br\/blog\/index.php?rest_route=\/wp\/v2\/posts\/2500\/revisions"}],"predecessor-version":[{"id":2502,"href":"https:\/\/wandilsonramalho.com.br\/blog\/index.php?rest_route=\/wp\/v2\/posts\/2500\/revisions\/2502"}],"wp:featuredmedia":[{"embeddable":true,"href":"https:\/\/wandilsonramalho.com.br\/blog\/index.php?rest_route=\/wp\/v2\/media\/2501"}],"wp:attachment":[{"href":"https:\/\/wandilsonramalho.com.br\/blog\/index.php?rest_route=%2Fwp%2Fv2%2Fmedia&parent=2500"}],"wp:term":[{"taxonomy":"category","embeddable":true,"href":"https:\/\/wandilsonramalho.com.br\/blog\/index.php?rest_route=%2Fwp%2Fv2%2Fcategories&post=2500"},{"taxonomy":"post_tag","embeddable":true,"href":"https:\/\/wandilsonramalho.com.br\/blog\/index.php?rest_route=%2Fwp%2Fv2%2Ftags&post=2500"}],"curies":[{"name":"wp","href":"https:\/\/api.w.org\/{rel}","templated":true}]}}