{"id":2494,"date":"2020-03-12T01:43:00","date_gmt":"2020-03-12T04:43:00","guid":{"rendered":"https:\/\/wandilsonramalho.com.br\/blog\/?p=2494"},"modified":"2020-03-11T20:28:03","modified_gmt":"2020-03-11T23:28:03","slug":"filha-de-wiiliana-guimaraes-no-faustao","status":"publish","type":"post","link":"https:\/\/wandilsonramalho.com.br\/blog\/?p=2494","title":{"rendered":"Filha de wiiliana guimar\u00e3es no FAUST\u00c3O"},"content":{"rendered":"\n<p>A caraubense Williana Guimar\u00e3es\u00a0 e seu esposo klenilson Azevedo de Carvalho anunciando aos quatro cantos que sua filha KAUANE VITORIA PRAXEDES DE CARVALHO\u00a0 integrante do N\u00facleo de Dan\u00e7a Nilson Torres de Mossor\u00f3 ir\u00e1 representar com seus coleguinhas o Nordeste no Programa do Faust\u00e3o neste domingo .<\/p>\n\n\n\n<p>Tal m\u00e3e , tal filha , Williana j\u00e1 foi integrante do Grupo Dan\u00e7art de Cara\u00fabas . <\/p>\n\n\n\n<p>Quanta felicidade, ver crian\u00e7as brilhando, dan\u00e7ando , mostrando seus talentos !!<\/p>\n\n\n\n<p>As crian\u00e7as, os  pais que sonharam e a escola sonhando com este momento \u00edmpar na vida de todos os envolvidos neste projeto lindo ..<\/p>\n\n\n\n<p>Quem n\u00e3o fica feliz ?<\/p>\n\n\n\n<p>Vamos ficar ligados na telinha ..<\/p>\n\n\n\n<figure class=\"wp-block-image size-large\"><img data-recalc-dims=\"1\" fetchpriority=\"high\" decoding=\"async\" width=\"480\" height=\"480\" src=\"https:\/\/i0.wp.com\/wandilsonramalho.com.br\/blog\/wp-content\/uploads\/2020\/03\/88357310_2248811121888230_1263082558141235200_o-1.jpg?resize=480%2C480&#038;ssl=1\" alt=\"\" class=\"wp-image-2498\" srcset=\"https:\/\/i0.wp.com\/wandilsonramalho.com.br\/blog\/wp-content\/uploads\/2020\/03\/88357310_2248811121888230_1263082558141235200_o-1.jpg?w=480&amp;ssl=1 480w, https:\/\/i0.wp.com\/wandilsonramalho.com.br\/blog\/wp-content\/uploads\/2020\/03\/88357310_2248811121888230_1263082558141235200_o-1.jpg?resize=160%2C160&amp;ssl=1 160w\" sizes=\"(max-width: 480px) 100vw, 480px\" \/><\/figure>\n","protected":false},"excerpt":{"rendered":"<p>A caraubense Williana Guimar\u00e3es\u00a0 e seu esposo klenilson Azevedo de Carvalho anunciando aos quatro cantos que sua filha KAUANE VITORIA PRAXEDES DE CARVALHO\u00a0 integrante do N\u00facleo de Dan\u00e7a Nilson Torres de Mossor\u00f3 ir\u00e1 representar com seus coleguinhas o Nordeste no Programa do Faust\u00e3o neste domingo . Tal m\u00e3e , tal filha , Williana j\u00e1 foi <a href=\"https:\/\/wandilsonramalho.com.br\/blog\/?p=2494\">&#8230;<\/a><\/p>\n","protected":false},"author":2,"featured_media":2496,"comment_status":"open","ping_status":"open","sticky":false,"template":"","format":"standard","meta":{"_jetpack_memberships_contains_paid_content":false,"footnotes":""},"categories":[18],"tags":[],"class_list":["post-2494","post","type-post","status-publish","format-standard","has-post-thumbnail","hentry","category-caraubas"],"jetpack_featured_media_url":"https:\/\/i0.wp.com\/wandilsonramalho.com.br\/blog\/wp-content\/uploads\/2020\/03\/f03-kauane-1.jpg?fit=695%2C960&ssl=1","jetpack_sharing_enabled":true,"_links":{"self":[{"href":"https:\/\/wandilsonramalho.com.br\/blog\/index.php?rest_route=\/wp\/v2\/posts\/2494","targetHints":{"allow":["GET"]}}],"collection":[{"href":"https:\/\/wandilsonramalho.com.br\/blog\/index.php?rest_route=\/wp\/v2\/posts"}],"about":[{"href":"https:\/\/wandilsonramalho.com.br\/blog\/index.php?rest_route=\/wp\/v2\/types\/post"}],"author":[{"embeddable":true,"href":"https:\/\/wandilsonramalho.com.br\/blog\/index.php?rest_route=\/wp\/v2\/users\/2"}],"replies":[{"embeddable":true,"href":"https:\/\/wandilsonramalho.com.br\/blog\/index.php?rest_route=%2Fwp%2Fv2%2Fcomments&post=2494"}],"version-history":[{"count":2,"href":"https:\/\/wandilsonramalho.com.br\/blog\/index.php?rest_route=\/wp\/v2\/posts\/2494\/revisions"}],"predecessor-version":[{"id":2505,"href":"https:\/\/wandilsonramalho.com.br\/blog\/index.php?rest_route=\/wp\/v2\/posts\/2494\/revisions\/2505"}],"wp:featuredmedia":[{"embeddable":true,"href":"https:\/\/wandilsonramalho.com.br\/blog\/index.php?rest_route=\/wp\/v2\/media\/2496"}],"wp:attachment":[{"href":"https:\/\/wandilsonramalho.com.br\/blog\/index.php?rest_route=%2Fwp%2Fv2%2Fmedia&parent=2494"}],"wp:term":[{"taxonomy":"category","embeddable":true,"href":"https:\/\/wandilsonramalho.com.br\/blog\/index.php?rest_route=%2Fwp%2Fv2%2Fcategories&post=2494"},{"taxonomy":"post_tag","embeddable":true,"href":"https:\/\/wandilsonramalho.com.br\/blog\/index.php?rest_route=%2Fwp%2Fv2%2Ftags&post=2494"}],"curies":[{"name":"wp","href":"https:\/\/api.w.org\/{rel}","templated":true}]}}