{"id":2487,"date":"2020-03-12T00:44:00","date_gmt":"2020-03-12T03:44:00","guid":{"rendered":"https:\/\/wandilsonramalho.com.br\/blog\/?p=2487"},"modified":"2020-03-11T12:53:15","modified_gmt":"2020-03-11T15:53:15","slug":"bom-dia-reflita-comigo-33","status":"publish","type":"post","link":"https:\/\/wandilsonramalho.com.br\/blog\/?p=2487","title":{"rendered":"bom dia !! reflita comigo .."},"content":{"rendered":"\n<p>A vida de\npai e m\u00e3e reserva alguns fatos inevit\u00e1veis.<\/p>\n\n\n\n<p>Um deles \u00e9\neste: um dia, os filhos crescem, aprendem a bater asas, ensaiam pequenos voos\nrasantes, levam alguns tombos, tentam de novo, at\u00e9 que, finalmente, no rastro\nde uma corrente favor\u00e1vel sentem-se seguros para empreender voos mais longos, e\nvoam como \u00e1guias de olhar penetrante, s\u00edmbolo de for\u00e7a, coragem, e vis\u00e3o.<\/p>\n\n\n\n<p>T\u00e3o certo\ncomo o sol se levanta, um dia, os filhos voam.<\/p>\n\n\n\n<p>E \u00e9 bom que\nvoem mesmo.<\/p>\n\n\n\n<p>A liberdade rec\u00e9m conquistada simboliza um atestado de independ\u00eancia emocional e financeira, e a certeza de que pai e m\u00e3e desenvolveram um padr\u00e3o de amor eficaz na educa\u00e7\u00e3o: deram-lhes ra\u00edzes e asas.<br><\/p>\n\n\n\n<p> Autoria -Rubem Alves <\/p>\n","protected":false},"excerpt":{"rendered":"<p>A vida de pai e m\u00e3e reserva alguns fatos inevit\u00e1veis. Um deles \u00e9 este: um dia, os filhos crescem, aprendem a bater asas, ensaiam pequenos voos rasantes, levam alguns tombos, tentam de novo, at\u00e9 que, finalmente, no rastro de uma corrente favor\u00e1vel sentem-se seguros para empreender voos mais longos, e voam como \u00e1guias de olhar <a href=\"https:\/\/wandilsonramalho.com.br\/blog\/?p=2487\">&#8230;<\/a><\/p>\n","protected":false},"author":2,"featured_media":2489,"comment_status":"open","ping_status":"open","sticky":false,"template":"","format":"standard","meta":{"_jetpack_memberships_contains_paid_content":false,"footnotes":""},"categories":[2],"tags":[],"class_list":["post-2487","post","type-post","status-publish","format-standard","has-post-thumbnail","hentry","category-mensagens"],"jetpack_featured_media_url":"https:\/\/i0.wp.com\/wandilsonramalho.com.br\/blog\/wp-content\/uploads\/2020\/03\/pai-novo-e-seu-filho-que-voam-um-papagaio-no-por-do-sol-94506615.jpg?fit=800%2C600&ssl=1","jetpack_sharing_enabled":true,"_links":{"self":[{"href":"https:\/\/wandilsonramalho.com.br\/blog\/index.php?rest_route=\/wp\/v2\/posts\/2487","targetHints":{"allow":["GET"]}}],"collection":[{"href":"https:\/\/wandilsonramalho.com.br\/blog\/index.php?rest_route=\/wp\/v2\/posts"}],"about":[{"href":"https:\/\/wandilsonramalho.com.br\/blog\/index.php?rest_route=\/wp\/v2\/types\/post"}],"author":[{"embeddable":true,"href":"https:\/\/wandilsonramalho.com.br\/blog\/index.php?rest_route=\/wp\/v2\/users\/2"}],"replies":[{"embeddable":true,"href":"https:\/\/wandilsonramalho.com.br\/blog\/index.php?rest_route=%2Fwp%2Fv2%2Fcomments&post=2487"}],"version-history":[{"count":1,"href":"https:\/\/wandilsonramalho.com.br\/blog\/index.php?rest_route=\/wp\/v2\/posts\/2487\/revisions"}],"predecessor-version":[{"id":2490,"href":"https:\/\/wandilsonramalho.com.br\/blog\/index.php?rest_route=\/wp\/v2\/posts\/2487\/revisions\/2490"}],"wp:featuredmedia":[{"embeddable":true,"href":"https:\/\/wandilsonramalho.com.br\/blog\/index.php?rest_route=\/wp\/v2\/media\/2489"}],"wp:attachment":[{"href":"https:\/\/wandilsonramalho.com.br\/blog\/index.php?rest_route=%2Fwp%2Fv2%2Fmedia&parent=2487"}],"wp:term":[{"taxonomy":"category","embeddable":true,"href":"https:\/\/wandilsonramalho.com.br\/blog\/index.php?rest_route=%2Fwp%2Fv2%2Fcategories&post=2487"},{"taxonomy":"post_tag","embeddable":true,"href":"https:\/\/wandilsonramalho.com.br\/blog\/index.php?rest_route=%2Fwp%2Fv2%2Ftags&post=2487"}],"curies":[{"name":"wp","href":"https:\/\/api.w.org\/{rel}","templated":true}]}}