{"id":2463,"date":"2020-03-11T01:15:00","date_gmt":"2020-03-11T04:15:00","guid":{"rendered":"https:\/\/wandilsonramalho.com.br\/blog\/?p=2463"},"modified":"2020-03-10T19:18:53","modified_gmt":"2020-03-10T22:18:53","slug":"sacramento-de-reconciliacao","status":"publish","type":"post","link":"https:\/\/wandilsonramalho.com.br\/blog\/?p=2463","title":{"rendered":"sacramento de reconcilia\u00e7\u00e3o"},"content":{"rendered":"\n<p>Estamos na quaresma , dias de reflex\u00e3o , tempo de prepara\u00e7\u00e3o e mudan\u00e7a nestes quarenta dias em que \u00a0os fi\u00e9is s\u00e3o orientados a praticar o jejum, a penit\u00eancia, a ora\u00e7\u00e3o e a caridade \u00a0para a grande festa da P\u00e1scoa.<\/p>\n\n\n\n<p>A Paroquia de Cara\u00fabas anuncia para o dia 17 de mar\u00e7o o Mutir\u00e3o das Confiss\u00f5es das 14 \u00e0s 20 horas na Matriz de S\u00e3o Sebasti\u00e3o .<\/p>\n\n\n\n<p>Cinco padre ministrando o Sacramento da Reconcilia\u00e7\u00e3o .<\/p>\n\n\n\n<p> Convite feito !<\/p>\n","protected":false},"excerpt":{"rendered":"<p>Estamos na quaresma , dias de reflex\u00e3o , tempo de prepara\u00e7\u00e3o e mudan\u00e7a nestes quarenta dias em que \u00a0os fi\u00e9is s\u00e3o orientados a praticar o jejum, a penit\u00eancia, a ora\u00e7\u00e3o e a caridade \u00a0para a grande festa da P\u00e1scoa. A Paroquia de Cara\u00fabas anuncia para o dia 17 de mar\u00e7o o Mutir\u00e3o das Confiss\u00f5es das <a href=\"https:\/\/wandilsonramalho.com.br\/blog\/?p=2463\">&#8230;<\/a><\/p>\n","protected":false},"author":2,"featured_media":2464,"comment_status":"open","ping_status":"open","sticky":false,"template":"","format":"standard","meta":{"_jetpack_memberships_contains_paid_content":false,"footnotes":""},"categories":[18],"tags":[],"class_list":["post-2463","post","type-post","status-publish","format-standard","has-post-thumbnail","hentry","category-caraubas"],"jetpack_featured_media_url":"https:\/\/i0.wp.com\/wandilsonramalho.com.br\/blog\/wp-content\/uploads\/2020\/03\/confiss%C3%B5es.jpg?fit=900%2C900&ssl=1","jetpack_sharing_enabled":true,"_links":{"self":[{"href":"https:\/\/wandilsonramalho.com.br\/blog\/index.php?rest_route=\/wp\/v2\/posts\/2463","targetHints":{"allow":["GET"]}}],"collection":[{"href":"https:\/\/wandilsonramalho.com.br\/blog\/index.php?rest_route=\/wp\/v2\/posts"}],"about":[{"href":"https:\/\/wandilsonramalho.com.br\/blog\/index.php?rest_route=\/wp\/v2\/types\/post"}],"author":[{"embeddable":true,"href":"https:\/\/wandilsonramalho.com.br\/blog\/index.php?rest_route=\/wp\/v2\/users\/2"}],"replies":[{"embeddable":true,"href":"https:\/\/wandilsonramalho.com.br\/blog\/index.php?rest_route=%2Fwp%2Fv2%2Fcomments&post=2463"}],"version-history":[{"count":1,"href":"https:\/\/wandilsonramalho.com.br\/blog\/index.php?rest_route=\/wp\/v2\/posts\/2463\/revisions"}],"predecessor-version":[{"id":2465,"href":"https:\/\/wandilsonramalho.com.br\/blog\/index.php?rest_route=\/wp\/v2\/posts\/2463\/revisions\/2465"}],"wp:featuredmedia":[{"embeddable":true,"href":"https:\/\/wandilsonramalho.com.br\/blog\/index.php?rest_route=\/wp\/v2\/media\/2464"}],"wp:attachment":[{"href":"https:\/\/wandilsonramalho.com.br\/blog\/index.php?rest_route=%2Fwp%2Fv2%2Fmedia&parent=2463"}],"wp:term":[{"taxonomy":"category","embeddable":true,"href":"https:\/\/wandilsonramalho.com.br\/blog\/index.php?rest_route=%2Fwp%2Fv2%2Fcategories&post=2463"},{"taxonomy":"post_tag","embeddable":true,"href":"https:\/\/wandilsonramalho.com.br\/blog\/index.php?rest_route=%2Fwp%2Fv2%2Ftags&post=2463"}],"curies":[{"name":"wp","href":"https:\/\/api.w.org\/{rel}","templated":true}]}}