{"id":2422,"date":"2020-03-10T01:47:00","date_gmt":"2020-03-10T04:47:00","guid":{"rendered":"https:\/\/wandilsonramalho.com.br\/blog\/?p=2422"},"modified":"2020-03-09T19:50:23","modified_gmt":"2020-03-09T22:50:23","slug":"kaisser-assume-pasta-da-saude","status":"publish","type":"post","link":"https:\/\/wandilsonramalho.com.br\/blog\/?p=2422","title":{"rendered":"kaisser assume pasta da sa\u00fade"},"content":{"rendered":"\n<p>O vice prefeito Paulo Brasil esta no comando da Secretaria de Sa\u00fade do nosso munic\u00edpio . Quinta ele assumiu o comando do nosso municipio  devido o prefeito Juninho Alves se ausentar . <\/p>\n\n\n\n<p>Ontem , ele empossou o n ovo secret\u00e1rio de Sa\u00fade Kaisser Henrique.<\/p>\n\n\n\n<p> Essa\u00a0 pasta \u00a0\u00e9 uma das mais importantes do munic\u00edpio. <\/p>\n\n\n\n<p>Parab\u00e9ns, Kaisser e votos de sucesso .<\/p>\n","protected":false},"excerpt":{"rendered":"<p>O vice prefeito Paulo Brasil esta no comando da Secretaria de Sa\u00fade do nosso munic\u00edpio . Quinta ele assumiu o comando do nosso municipio devido o prefeito Juninho Alves se ausentar . Ontem , ele empossou o n ovo secret\u00e1rio de Sa\u00fade Kaisser Henrique. Essa\u00a0 pasta \u00a0\u00e9 uma das mais importantes do munic\u00edpio. Parab\u00e9ns, Kaisser <a href=\"https:\/\/wandilsonramalho.com.br\/blog\/?p=2422\">&#8230;<\/a><\/p>\n","protected":false},"author":2,"featured_media":2423,"comment_status":"open","ping_status":"open","sticky":false,"template":"","format":"standard","meta":{"_jetpack_memberships_contains_paid_content":false,"footnotes":""},"categories":[18],"tags":[],"class_list":["post-2422","post","type-post","status-publish","format-standard","has-post-thumbnail","hentry","category-caraubas"],"jetpack_featured_media_url":"https:\/\/i0.wp.com\/wandilsonramalho.com.br\/blog\/wp-content\/uploads\/2020\/03\/f04Paulo-e-o-secretario.jpg?fit=641%2C427&ssl=1","jetpack_sharing_enabled":true,"_links":{"self":[{"href":"https:\/\/wandilsonramalho.com.br\/blog\/index.php?rest_route=\/wp\/v2\/posts\/2422","targetHints":{"allow":["GET"]}}],"collection":[{"href":"https:\/\/wandilsonramalho.com.br\/blog\/index.php?rest_route=\/wp\/v2\/posts"}],"about":[{"href":"https:\/\/wandilsonramalho.com.br\/blog\/index.php?rest_route=\/wp\/v2\/types\/post"}],"author":[{"embeddable":true,"href":"https:\/\/wandilsonramalho.com.br\/blog\/index.php?rest_route=\/wp\/v2\/users\/2"}],"replies":[{"embeddable":true,"href":"https:\/\/wandilsonramalho.com.br\/blog\/index.php?rest_route=%2Fwp%2Fv2%2Fcomments&post=2422"}],"version-history":[{"count":1,"href":"https:\/\/wandilsonramalho.com.br\/blog\/index.php?rest_route=\/wp\/v2\/posts\/2422\/revisions"}],"predecessor-version":[{"id":2424,"href":"https:\/\/wandilsonramalho.com.br\/blog\/index.php?rest_route=\/wp\/v2\/posts\/2422\/revisions\/2424"}],"wp:featuredmedia":[{"embeddable":true,"href":"https:\/\/wandilsonramalho.com.br\/blog\/index.php?rest_route=\/wp\/v2\/media\/2423"}],"wp:attachment":[{"href":"https:\/\/wandilsonramalho.com.br\/blog\/index.php?rest_route=%2Fwp%2Fv2%2Fmedia&parent=2422"}],"wp:term":[{"taxonomy":"category","embeddable":true,"href":"https:\/\/wandilsonramalho.com.br\/blog\/index.php?rest_route=%2Fwp%2Fv2%2Fcategories&post=2422"},{"taxonomy":"post_tag","embeddable":true,"href":"https:\/\/wandilsonramalho.com.br\/blog\/index.php?rest_route=%2Fwp%2Fv2%2Ftags&post=2422"}],"curies":[{"name":"wp","href":"https:\/\/api.w.org\/{rel}","templated":true}]}}