{"id":2387,"date":"2020-03-08T00:01:00","date_gmt":"2020-03-08T03:01:00","guid":{"rendered":"https:\/\/wandilsonramalho.com.br\/blog\/?p=2387"},"modified":"2020-03-09T08:24:43","modified_gmt":"2020-03-09T11:24:43","slug":"mulher-e-para-brilhar-2","status":"publish","type":"post","link":"https:\/\/wandilsonramalho.com.br\/blog\/?p=2387","title":{"rendered":"Mulher \u00e9 para brilhar"},"content":{"rendered":"\n<blockquote class=\"wp-block-quote is-layout-flow wp-block-quote-is-layout-flow\"><p>Mulher virtuosa quem a achar\u00e1? O seu valor muito excede ao de rubis (Prov\u00e9rbios 31:10).<br>Pelo dia internacional da <strong>MULHER  <\/strong>o site <strong>www.wandilsonramalho.com.br<\/strong> convidou  nove  homens para presentear e homenagear as mulheres com suas mensagens. Ei-las!<\/p><\/blockquote>\n\n\n\n<hr class=\"wp-block-separator\"\/>\n\n\n\n<figure class=\"wp-block-image size-large\"><img data-recalc-dims=\"1\" fetchpriority=\"high\" decoding=\"async\" width=\"845\" height=\"594\" src=\"https:\/\/i0.wp.com\/wandilsonramalho.com.br\/blog\/wp-content\/uploads\/2020\/03\/FOTO-WALTERLIM.jpg?resize=845%2C594&#038;ssl=1\" alt=\"\" class=\"wp-image-2400\" srcset=\"https:\/\/i0.wp.com\/wandilsonramalho.com.br\/blog\/wp-content\/uploads\/2020\/03\/FOTO-WALTERLIM.jpg?w=960&amp;ssl=1 960w, https:\/\/i0.wp.com\/wandilsonramalho.com.br\/blog\/wp-content\/uploads\/2020\/03\/FOTO-WALTERLIM.jpg?resize=768%2C540&amp;ssl=1 768w, https:\/\/i0.wp.com\/wandilsonramalho.com.br\/blog\/wp-content\/uploads\/2020\/03\/FOTO-WALTERLIM.jpg?resize=585%2C411&amp;ssl=1 585w\" sizes=\"(max-width: 845px) 100vw, 845px\" \/><\/figure>\n\n\n\n<blockquote class=\"wp-block-quote has-text-align-center is-layout-flow wp-block-quote-is-layout-flow\"><p><strong>Walterlin Lopes<\/strong>, Chefe do Cerimonial da C\u00e2mara Municipal de Mossor\u00f3.<br>Homenagear \u00e0s mulheres, \u00e9 entoar um canto de justi\u00e7a. imposs\u00edvel quedar-se inerte frente aos grandes feitos por elas engendrados.<br> \u00e9 preciso dizer em toda parte, sobre a for\u00e7a e altivez de um g\u00eanero que trata de fazer melhor a vida da humanidade toda.<br> mulheres que fazem hist\u00f3ria, mudando a hist\u00f3ria.  mulheres que, com suas vit\u00f3rias pessoais, nas mais diversas \u00e1reas de atua\u00e7\u00e3o, potencializam as lutas e garantem tantas outras conquistas para muito mais gente.<br> mulheres que valem por uma multid\u00e3o de almas, de vozes e de cora\u00e7\u00f5es. <\/p><\/blockquote>\n\n\n\n<hr class=\"wp-block-separator\"\/>\n\n\n\n<figure class=\"wp-block-image size-large\"><img data-recalc-dims=\"1\" decoding=\"async\" width=\"845\" height=\"723\" src=\"https:\/\/i0.wp.com\/wandilsonramalho.com.br\/blog\/wp-content\/uploads\/2020\/03\/F02-IKARO.jpg?resize=845%2C723&#038;ssl=1\" alt=\"\" class=\"wp-image-2401\"\/><\/figure>\n\n\n\n<blockquote class=\"wp-block-quote is-layout-flow wp-block-quote-is-layout-flow\"><p>Di\u00e1cono <strong>Ikaro Dr\u00eaan <\/strong><br>O exemplo de verdadeira mulher a ser seguido \u00e9 Maria, a m\u00e3e de Jesus. As mulheres de hoje  s\u00e3o chamadas a buscar a fortaleza e a esperan\u00e7a, mesmo em uma sociedade em que os valores est\u00e3o cada vez mais invertidos. Maria nunca perdeu a confian\u00e7a, porque sabia em quem tinha colocado a sua. Por isso, cada mulher \u00e9 chamada a ser sinal de esperan\u00e7a e de fortaleza, n\u00e3o s\u00f3 na sua casa, na fam\u00edlia, mas em toda a sociedade. Um feliz dia da mulher!<\/p><\/blockquote>\n\n\n\n<hr class=\"wp-block-separator\"\/>\n\n\n\n<div class=\"wp-block-image\"><figure class=\"aligncenter size-large\"><img data-recalc-dims=\"1\" decoding=\"async\" width=\"620\" height=\"720\" src=\"https:\/\/i0.wp.com\/wandilsonramalho.com.br\/blog\/wp-content\/uploads\/2020\/03\/FTOT-ALFREDO.jpg?resize=620%2C720&#038;ssl=1\" alt=\"\" class=\"wp-image-2402\" srcset=\"https:\/\/i0.wp.com\/wandilsonramalho.com.br\/blog\/wp-content\/uploads\/2020\/03\/FTOT-ALFREDO.jpg?w=620&amp;ssl=1 620w, https:\/\/i0.wp.com\/wandilsonramalho.com.br\/blog\/wp-content\/uploads\/2020\/03\/FTOT-ALFREDO.jpg?resize=585%2C679&amp;ssl=1 585w\" sizes=\"(max-width: 620px) 100vw, 620px\" \/><\/figure><\/div>\n\n\n\n<blockquote class=\"wp-block-quote is-layout-flow wp-block-quote-is-layout-flow\"><p>Empres\u00e1rio <strong>Alfredo  Fernandes<\/strong>  <br>Vida\u2026 Vida que nos faz acreditar no Deus maior que criou um ser perfeito capaz de materializar o carinho, a compreens\u00e3o, a dedica\u00e7\u00e3o e o amor, em um sentimento puro e cristalino como as \u00e1guas dos Andes\u2026 Quem tem o poder desta transforma\u00e7\u00e3o m\u00e1gica chama-se <em>Mulher<\/em>\u2026 A voc\u00ea <em>Doce Mulher<\/em>,  todo meu apre\u00e7o, admira\u00e7\u00e3o e respeito\u2026<\/p><\/blockquote>\n\n\n\n<hr class=\"wp-block-separator\"\/>\n\n\n\n<div class=\"wp-block-image\"><figure class=\"aligncenter size-large\"><img data-recalc-dims=\"1\" loading=\"lazy\" decoding=\"async\" width=\"302\" height=\"459\" src=\"https:\/\/i0.wp.com\/wandilsonramalho.com.br\/blog\/wp-content\/uploads\/2020\/03\/f01-demetrio.jpg?resize=302%2C459&#038;ssl=1\" alt=\"\" class=\"wp-image-2403\"\/><\/figure><\/div>\n\n\n\n<blockquote class=\"wp-block-quote is-layout-flow wp-block-quote-is-layout-flow\"><p><strong>Pe. Dem\u00e9trio de Freitas Junior<\/strong><br>O Dia Internacional da Mulher \u00e9 uma alus\u00e3o \u00e0 luta das mulheres como personagens constantes de manifesta\u00e7\u00f5es, greves, comit\u00eas na busca de conquistar seus direitos. <br> Vejo na valoriza\u00e7\u00e3o da mulher, nos mais diversos aspectos, a possibilidade da conquista da t\u00e3o almejada sociedade igualit\u00e1ria, sem preconceitos ou misoginia. Hoje, comemoro e parabenizo todas as mulheres incentivando e participando da luta para promover a igualdade entre g\u00eaneros, e de um mundo mais justo e mais humano, com uma frase de Clarice Lispector: O destino de uma mulher \u00e9 ser mulher. <\/p><\/blockquote>\n\n\n\n<hr class=\"wp-block-separator\"\/>\n\n\n\n<figure class=\"wp-block-gallery aligncenter columns-1 is-cropped wp-block-gallery-1 is-layout-flex wp-block-gallery-is-layout-flex\"><ul class=\"blocks-gallery-grid\"><li class=\"blocks-gallery-item\"><figure><img data-recalc-dims=\"1\" loading=\"lazy\" decoding=\"async\" width=\"845\" height=\"653\" src=\"https:\/\/i0.wp.com\/wandilsonramalho.com.br\/blog\/wp-content\/uploads\/2020\/03\/fOTO-LIMA.jpg?resize=845%2C653&#038;ssl=1\" alt=\"\" data-id=\"2405\" data-full-url=\"https:\/\/wandilsonramalho.com.br\/blog\/wp-content\/uploads\/2020\/03\/fOTO-LIMA.jpg\" data-link=\"https:\/\/wandilsonramalho.com.br\/blog\/?attachment_id=2405\" class=\"wp-image-2405\"\/><\/figure><\/li><\/ul><\/figure>\n\n\n\n<blockquote class=\"wp-block-quote is-layout-flow wp-block-quote-is-layout-flow\"><p>Psic\u00f3logo<strong> Jos\u00e9 Evangelista de Lima <\/strong><br>Mulher.<br>Ser imprescind\u00edvel  \u00e0  geografia humana, que traz na sua gen\u00e9tica o dom da maternidade, de colocar filhos no mundo.<br> Ser que sempre foi associado ao amor,  \u00e0  ternura, ao carinho, muitas vezes, amando mais do que a si mesma.<br> Ser que dar vida  traz luz, segue caminhos, descobre trilhas, multiplica o p\u00e3o e alimenta a todos com o que tem de melhor com o cora\u00e7\u00e3o.<br> Parab\u00e9ns a todas as mulheres que fazem da vida uma busca, uma entrega, um ato de amor.<\/p><\/blockquote>\n\n\n\n<hr class=\"wp-block-separator\"\/>\n\n\n\n<div class=\"wp-block-image\"><figure class=\"aligncenter size-large\"><img data-recalc-dims=\"1\" loading=\"lazy\" decoding=\"async\" width=\"513\" height=\"513\" src=\"https:\/\/i0.wp.com\/wandilsonramalho.com.br\/blog\/wp-content\/uploads\/2020\/03\/f01-rivelino.jpg?resize=513%2C513&#038;ssl=1\" alt=\"\" class=\"wp-image-2406\" srcset=\"https:\/\/i0.wp.com\/wandilsonramalho.com.br\/blog\/wp-content\/uploads\/2020\/03\/f01-rivelino.jpg?w=513&amp;ssl=1 513w, https:\/\/i0.wp.com\/wandilsonramalho.com.br\/blog\/wp-content\/uploads\/2020\/03\/f01-rivelino.jpg?resize=160%2C160&amp;ssl=1 160w\" sizes=\"(max-width: 513px) 100vw, 513px\" \/><\/figure><\/div>\n\n\n\n<blockquote class=\"wp-block-quote is-layout-flow wp-block-quote-is-layout-flow\"><p><strong>Rivelino C\u00e2mara<\/strong>, Prefeito da cidade de Patu-RN<br>Mulheres s\u00e3o guerreiras que possuem esp\u00edrito de luta e sua armadura reside na for\u00e7a de seu instinto. <br>Nesse dia 08 parabenizo todas aquelas que carregam o dom da vida e zelam com amor e cuidado todas as fun\u00e7\u00f5es que lhes s\u00e3o atribu\u00eddas!<br>Feliz dia da mulher!!!<\/p><\/blockquote>\n\n\n\n<hr class=\"wp-block-separator\"\/>\n\n\n\n<div class=\"wp-block-image\"><figure class=\"aligncenter size-large\"><img data-recalc-dims=\"1\" loading=\"lazy\" decoding=\"async\" width=\"480\" height=\"661\" src=\"https:\/\/i0.wp.com\/wandilsonramalho.com.br\/blog\/wp-content\/uploads\/2020\/03\/foto-MARCOS-ROBERTO.jpg?resize=480%2C661&#038;ssl=1\" alt=\"\" class=\"wp-image-2407\"\/><\/figure><\/div>\n\n\n\n<blockquote class=\"wp-block-quote is-layout-flow wp-block-quote-is-layout-flow\"><p>Professor <strong>Marcos Roberto Fernandes Gurgel<\/strong>.<\/p><p> Mulher\u2026 Mulher m\u00e3e; mulher luz. Mulher da luta; mulher liberta. Mulher educadora; mulher fonte do saber\u2026 Dia 08 de mar\u00e7o: dia de celebrar a quem gera a vida e faz do viver uma eterna luta! Sou filho e amo! Por isso e muito mais, minha sauda\u00e7\u00e3o \u00e0s Mulheres\u2026 <br><\/p><\/blockquote>\n\n\n\n<hr class=\"wp-block-separator\"\/>\n\n\n\n<div class=\"wp-block-image\"><figure class=\"aligncenter size-large\"><img data-recalc-dims=\"1\" loading=\"lazy\" decoding=\"async\" width=\"388\" height=\"471\" src=\"https:\/\/i0.wp.com\/wandilsonramalho.com.br\/blog\/wp-content\/uploads\/2020\/03\/foto-paulo.jpg?resize=388%2C471&#038;ssl=1\" alt=\"\" class=\"wp-image-2408\"\/><\/figure><\/div>\n\n\n\n<blockquote class=\"wp-block-quote is-layout-flow wp-block-quote-is-layout-flow\"><p><strong>Paulo de Paiva Brasil<\/strong>, Prefeito em exerc\u00edcio da cidade de Cara\u00fabas-RN.<br> Certamente, se fossemos pintar uma imagem de um anjo, este teria a forma de uma mulher com as asas t\u00e3o estendidas como seu cora\u00e7\u00e3o aberto a maternidade, ao matrim\u00f4nio, ao cuidado. Por outro lado, esse mesmo anjo teria a fisionomia poderosa e engenhosa de quem consegue mudar vidas e reger na\u00e7\u00f5es. Tamb\u00e9m fui aben\u00e7oado encontrando esse car\u00e1ter, essa fibra e essa beleza em minha esposa S\u00e2nsia Cristina.  Ent\u00e3o, neste dia  8 de mar\u00e7o, com prazer desejamos: &#8220;Feliz Dia Internacional da Mulher!&#8221;<\/p><\/blockquote>\n\n\n\n<hr class=\"wp-block-separator\"\/>\n\n\n\n<div class=\"wp-block-image\"><figure class=\"aligncenter size-large\"><img data-recalc-dims=\"1\" loading=\"lazy\" decoding=\"async\" width=\"312\" height=\"504\" src=\"https:\/\/i0.wp.com\/wandilsonramalho.com.br\/blog\/wp-content\/uploads\/2020\/03\/foto-juninho.jpg?resize=312%2C504&#038;ssl=1\" alt=\"\" class=\"wp-image-2409\"\/><\/figure><\/div>\n\n\n\n<blockquote class=\"wp-block-quote is-layout-flow wp-block-quote-is-layout-flow\"><p><strong>Antonio Alves da Silva<\/strong> (Juninho Alves), Prefeito da cidade de Cara\u00fabas.<br> Minha vida \u00e9 cercada de mulheres fortes. Uma m\u00e3e que me cercou de carinhos como uma fortaleza; minha esposa que \u00e9 uma m\u00e3e atenciosa, esposa dedicada e empres\u00e1ria competente. Minha filha Cecylia, que \u00e9 luz nos meus dias e em si uma prova de amor. Depois Deus me colocou \u00e0 frente dos destinos de Cara\u00fabas e me cercou de mulheres competentes e fortes, me presenteando com a honra de administrar uma cidade forjada por mulheres de fibra, talento e amor. Por tudo isso, quero desejar um Feliz Dia Internacional da Mulher para todas as nossas conterr\u00e2neas Caraubenses. Que Deus aben\u00e7oe a todas!<\/p><\/blockquote>\n\n\n\n<hr class=\"wp-block-separator\"\/>\n","protected":false},"excerpt":{"rendered":"<p>Mulher virtuosa quem a achar\u00e1? O seu valor muito excede ao de rubis (Prov\u00e9rbios 31:10).Pelo dia internacional da MULHER o site www.wandilsonramalho.com.br convidou nove homens para presentear e homenagear as mulheres com suas mensagens. Ei-las! Walterlin Lopes, Chefe do Cerimonial da C\u00e2mara Municipal de Mossor\u00f3.Homenagear \u00e0s mulheres, \u00e9 entoar um canto de justi\u00e7a. imposs\u00edvel quedar-se <a href=\"https:\/\/wandilsonramalho.com.br\/blog\/?p=2387\">&#8230;<\/a><\/p>\n","protected":false},"author":2,"featured_media":2390,"comment_status":"open","ping_status":"open","sticky":false,"template":"","format":"standard","meta":{"_jetpack_memberships_contains_paid_content":false,"footnotes":""},"categories":[2],"tags":[],"class_list":["post-2387","post","type-post","status-publish","format-standard","has-post-thumbnail","hentry","category-mensagens"],"jetpack_featured_media_url":"https:\/\/i0.wp.com\/wandilsonramalho.com.br\/blog\/wp-content\/uploads\/2020\/03\/70-imagens-feliz-dia-internacional-da-mulher-2017.jpg?fit=1273%2C639&ssl=1","jetpack_sharing_enabled":true,"_links":{"self":[{"href":"https:\/\/wandilsonramalho.com.br\/blog\/index.php?rest_route=\/wp\/v2\/posts\/2387","targetHints":{"allow":["GET"]}}],"collection":[{"href":"https:\/\/wandilsonramalho.com.br\/blog\/index.php?rest_route=\/wp\/v2\/posts"}],"about":[{"href":"https:\/\/wandilsonramalho.com.br\/blog\/index.php?rest_route=\/wp\/v2\/types\/post"}],"author":[{"embeddable":true,"href":"https:\/\/wandilsonramalho.com.br\/blog\/index.php?rest_route=\/wp\/v2\/users\/2"}],"replies":[{"embeddable":true,"href":"https:\/\/wandilsonramalho.com.br\/blog\/index.php?rest_route=%2Fwp%2Fv2%2Fcomments&post=2387"}],"version-history":[{"count":10,"href":"https:\/\/wandilsonramalho.com.br\/blog\/index.php?rest_route=\/wp\/v2\/posts\/2387\/revisions"}],"predecessor-version":[{"id":2410,"href":"https:\/\/wandilsonramalho.com.br\/blog\/index.php?rest_route=\/wp\/v2\/posts\/2387\/revisions\/2410"}],"wp:featuredmedia":[{"embeddable":true,"href":"https:\/\/wandilsonramalho.com.br\/blog\/index.php?rest_route=\/wp\/v2\/media\/2390"}],"wp:attachment":[{"href":"https:\/\/wandilsonramalho.com.br\/blog\/index.php?rest_route=%2Fwp%2Fv2%2Fmedia&parent=2387"}],"wp:term":[{"taxonomy":"category","embeddable":true,"href":"https:\/\/wandilsonramalho.com.br\/blog\/index.php?rest_route=%2Fwp%2Fv2%2Fcategories&post=2387"},{"taxonomy":"post_tag","embeddable":true,"href":"https:\/\/wandilsonramalho.com.br\/blog\/index.php?rest_route=%2Fwp%2Fv2%2Ftags&post=2387"}],"curies":[{"name":"wp","href":"https:\/\/api.w.org\/{rel}","templated":true}]}}