{"id":2374,"date":"2020-03-06T07:40:04","date_gmt":"2020-03-06T10:40:04","guid":{"rendered":"https:\/\/wandilsonramalho.com.br\/blog\/?p=2374"},"modified":"2020-03-06T07:40:06","modified_gmt":"2020-03-06T10:40:06","slug":"jaimar-e-inteligente","status":"publish","type":"post","link":"https:\/\/wandilsonramalho.com.br\/blog\/?p=2374","title":{"rendered":"jaimar \u00e9 inteligente .."},"content":{"rendered":"\n<p>Quarta feira 04 de mar\u00e7o o chefe de Gabinete da Prefeitura de nossa cidade , o Vener\u00e1vel Mestre da Loja Ma\u00e7\u00f4nica dr Antonio Gentil Fernandes Jaimar Gomes fez palestra para os alunos da EJA na Escola Jonas Gurgel sobre a Hist\u00f3ria de Cara\u00fabas . <\/p>\n\n\n\n<p>Ele , mostrando com maestria a hist\u00f3ria desta terra. <\/p>\n\n\n\n<p>Os alunos agradeceram importante palestra . <\/p>\n","protected":false},"excerpt":{"rendered":"<p>Quarta feira 04 de mar\u00e7o o chefe de Gabinete da Prefeitura de nossa cidade , o Vener\u00e1vel Mestre da Loja Ma\u00e7\u00f4nica dr Antonio Gentil Fernandes Jaimar Gomes fez palestra para os alunos da EJA na Escola Jonas Gurgel sobre a Hist\u00f3ria de Cara\u00fabas . Ele , mostrando com maestria a hist\u00f3ria desta terra. Os alunos <a href=\"https:\/\/wandilsonramalho.com.br\/blog\/?p=2374\">&#8230;<\/a><\/p>\n","protected":false},"author":2,"featured_media":2375,"comment_status":"open","ping_status":"open","sticky":false,"template":"","format":"standard","meta":{"_jetpack_memberships_contains_paid_content":false,"footnotes":""},"categories":[30],"tags":[],"class_list":["post-2374","post","type-post","status-publish","format-standard","has-post-thumbnail","hentry","category-avisos"],"jetpack_featured_media_url":"https:\/\/i0.wp.com\/wandilsonramalho.com.br\/blog\/wp-content\/uploads\/2020\/03\/89242351_10216479076985126_2768472362075553792_n.jpg?fit=425%2C734&ssl=1","jetpack_sharing_enabled":true,"_links":{"self":[{"href":"https:\/\/wandilsonramalho.com.br\/blog\/index.php?rest_route=\/wp\/v2\/posts\/2374","targetHints":{"allow":["GET"]}}],"collection":[{"href":"https:\/\/wandilsonramalho.com.br\/blog\/index.php?rest_route=\/wp\/v2\/posts"}],"about":[{"href":"https:\/\/wandilsonramalho.com.br\/blog\/index.php?rest_route=\/wp\/v2\/types\/post"}],"author":[{"embeddable":true,"href":"https:\/\/wandilsonramalho.com.br\/blog\/index.php?rest_route=\/wp\/v2\/users\/2"}],"replies":[{"embeddable":true,"href":"https:\/\/wandilsonramalho.com.br\/blog\/index.php?rest_route=%2Fwp%2Fv2%2Fcomments&post=2374"}],"version-history":[{"count":1,"href":"https:\/\/wandilsonramalho.com.br\/blog\/index.php?rest_route=\/wp\/v2\/posts\/2374\/revisions"}],"predecessor-version":[{"id":2376,"href":"https:\/\/wandilsonramalho.com.br\/blog\/index.php?rest_route=\/wp\/v2\/posts\/2374\/revisions\/2376"}],"wp:featuredmedia":[{"embeddable":true,"href":"https:\/\/wandilsonramalho.com.br\/blog\/index.php?rest_route=\/wp\/v2\/media\/2375"}],"wp:attachment":[{"href":"https:\/\/wandilsonramalho.com.br\/blog\/index.php?rest_route=%2Fwp%2Fv2%2Fmedia&parent=2374"}],"wp:term":[{"taxonomy":"category","embeddable":true,"href":"https:\/\/wandilsonramalho.com.br\/blog\/index.php?rest_route=%2Fwp%2Fv2%2Fcategories&post=2374"},{"taxonomy":"post_tag","embeddable":true,"href":"https:\/\/wandilsonramalho.com.br\/blog\/index.php?rest_route=%2Fwp%2Fv2%2Ftags&post=2374"}],"curies":[{"name":"wp","href":"https:\/\/api.w.org\/{rel}","templated":true}]}}