{"id":2371,"date":"2020-03-06T07:15:14","date_gmt":"2020-03-06T10:15:14","guid":{"rendered":"https:\/\/wandilsonramalho.com.br\/blog\/?p=2371"},"modified":"2020-03-06T07:15:17","modified_gmt":"2020-03-06T10:15:17","slug":"ele-e-top","status":"publish","type":"post","link":"https:\/\/wandilsonramalho.com.br\/blog\/?p=2371","title":{"rendered":"ELE \u00c9 TOP"},"content":{"rendered":"\n<p>O coach, empreendedor e Engenheiro Civil, o inteligente\u00a0 Raniere Veras amigo e gente muito fina participou em Fortaleza\/CE do \u00a04\u00b0 Semin\u00e1rio Internacional de Pol\u00edticas P\u00fablicas Inovadoras para Cidades de \u00a004 a 06 de mar\u00e7o, no Centro de Eventos do Cear\u00e1.<\/p>\n\n\n\n<p> Este evento com uma pol\u00edtica de responsabilidade ambiental. <\/p>\n\n\n\n<p>A Prefeitura de Fortaleza realizou este evento por meio da Coordenadoria de Rela\u00e7\u00f5es Internacionais e Federativas(Cerif).<\/p>\n","protected":false},"excerpt":{"rendered":"<p>O coach, empreendedor e Engenheiro Civil, o inteligente\u00a0 Raniere Veras amigo e gente muito fina participou em Fortaleza\/CE do \u00a04\u00b0 Semin\u00e1rio Internacional de Pol\u00edticas P\u00fablicas Inovadoras para Cidades de \u00a004 a 06 de mar\u00e7o, no Centro de Eventos do Cear\u00e1. Este evento com uma pol\u00edtica de responsabilidade ambiental. A Prefeitura de Fortaleza realizou este evento <a href=\"https:\/\/wandilsonramalho.com.br\/blog\/?p=2371\">&#8230;<\/a><\/p>\n","protected":false},"author":2,"featured_media":2372,"comment_status":"open","ping_status":"open","sticky":false,"template":"","format":"standard","meta":{"_jetpack_memberships_contains_paid_content":false,"footnotes":""},"categories":[30],"tags":[],"class_list":["post-2371","post","type-post","status-publish","format-standard","has-post-thumbnail","hentry","category-avisos"],"jetpack_featured_media_url":"https:\/\/i0.wp.com\/wandilsonramalho.com.br\/blog\/wp-content\/uploads\/2020\/03\/f03-rainere.jpg?fit=639%2C639&ssl=1","jetpack_sharing_enabled":true,"_links":{"self":[{"href":"https:\/\/wandilsonramalho.com.br\/blog\/index.php?rest_route=\/wp\/v2\/posts\/2371","targetHints":{"allow":["GET"]}}],"collection":[{"href":"https:\/\/wandilsonramalho.com.br\/blog\/index.php?rest_route=\/wp\/v2\/posts"}],"about":[{"href":"https:\/\/wandilsonramalho.com.br\/blog\/index.php?rest_route=\/wp\/v2\/types\/post"}],"author":[{"embeddable":true,"href":"https:\/\/wandilsonramalho.com.br\/blog\/index.php?rest_route=\/wp\/v2\/users\/2"}],"replies":[{"embeddable":true,"href":"https:\/\/wandilsonramalho.com.br\/blog\/index.php?rest_route=%2Fwp%2Fv2%2Fcomments&post=2371"}],"version-history":[{"count":1,"href":"https:\/\/wandilsonramalho.com.br\/blog\/index.php?rest_route=\/wp\/v2\/posts\/2371\/revisions"}],"predecessor-version":[{"id":2373,"href":"https:\/\/wandilsonramalho.com.br\/blog\/index.php?rest_route=\/wp\/v2\/posts\/2371\/revisions\/2373"}],"wp:featuredmedia":[{"embeddable":true,"href":"https:\/\/wandilsonramalho.com.br\/blog\/index.php?rest_route=\/wp\/v2\/media\/2372"}],"wp:attachment":[{"href":"https:\/\/wandilsonramalho.com.br\/blog\/index.php?rest_route=%2Fwp%2Fv2%2Fmedia&parent=2371"}],"wp:term":[{"taxonomy":"category","embeddable":true,"href":"https:\/\/wandilsonramalho.com.br\/blog\/index.php?rest_route=%2Fwp%2Fv2%2Fcategories&post=2371"},{"taxonomy":"post_tag","embeddable":true,"href":"https:\/\/wandilsonramalho.com.br\/blog\/index.php?rest_route=%2Fwp%2Fv2%2Ftags&post=2371"}],"curies":[{"name":"wp","href":"https:\/\/api.w.org\/{rel}","templated":true}]}}