{"id":2352,"date":"2020-03-05T01:16:00","date_gmt":"2020-03-05T04:16:00","guid":{"rendered":"https:\/\/wandilsonramalho.com.br\/blog\/?p=2352"},"modified":"2020-03-04T20:21:34","modified_gmt":"2020-03-04T23:21:34","slug":"poesia-de-ilton-gurgel-sobre-caraubas","status":"publish","type":"post","link":"https:\/\/wandilsonramalho.com.br\/blog\/?p=2352","title":{"rendered":"poesia de ilton gurgel -sobre caraubas .."},"content":{"rendered":"\n<p>CARA\u00daBAS<\/p>\n\n\n\n<p>ICom amor vou escrever<\/p>\n\n\n\n<p>E o verso dedicar<\/p>\n\n\n\n<p>A minha terra natal<\/p>\n\n\n\n<p>Que a fez me inspirar<\/p>\n\n\n\n<p>Cidade de Cara\u00fabas<\/p>\n\n\n\n<p>Quero homenagear.<\/p>\n\n\n\n<p>II<\/p>\n\n\n\n<p>Cara\u00fabas um lugar<\/p>\n\n\n\n<p>Terra de solo fecundo<\/p>\n\n\n\n<p>Definir minha cidade<\/p>\n\n\n\n<p>Eu falo em um segundo<\/p>\n\n\n\n<p>Pois tenho por Cara\u00fabas<\/p>\n\n\n\n<p>Um amor muito profundo.<\/p>\n\n\n\n<p>III<\/p>\n\n\n\n<p>O melhor lugar do mundo<\/p>\n\n\n\n<p>Para a gente morar<\/p>\n\n\n\n<p>O filho de Cara\u00fabas<\/p>\n\n\n\n<p>Ama muito seu lugar<\/p>\n\n\n\n<p>A cidade dos seus filhos<\/p>\n\n\n\n<p>Sabe bem valorizar.<\/p>\n\n\n\n<p>IV<\/p>\n\n\n\n<p>Dela fico a lembrar<\/p>\n\n\n\n<p>Todo dia o ano inteiro<\/p>\n\n\n\n<p>Mas um m\u00eas \u00e9 destacado<\/p>\n\n\n\n<p>Que \u00e9 o m\u00eas de Janeiro<\/p>\n\n\n\n<p>Onde todos comemoram<\/p>\n\n\n\n<p>A festa do padroeiro.<\/p>\n\n\n\n<p>V<\/p>\n\n\n\n<p>Que \u00e9 um Santo guerreiro<\/p>\n\n\n\n<p>Foi um soldado romano<\/p>\n\n\n\n<p>M\u00e1rtir e um patriarca<\/p>\n\n\n\n<p>Exemplo de ser humano<\/p>\n\n\n\n<p>Protege nossa cidade<\/p>\n\n\n\n<p>Todos os dias do ano.<\/p>\n\n\n\n<p>VI<\/p>\n\n\n\n<p>Esse soldado romano<\/p>\n\n\n\n<p>\u00c9 o S\u00e3o Sebasti\u00e3o<\/p>\n\n\n\n<p>Aben\u00e7oa Cara\u00fabas<\/p>\n\n\n\n<p>E toda popula\u00e7\u00e3o<\/p>\n\n\n\n<p>Que sente por esse Santo<\/p>\n\n\n\n<p>Uma grande devo\u00e7\u00e3o.<\/p>\n\n\n\n<p>VII<\/p>\n\n\n\n<p>Implantada no sert\u00e3o<\/p>\n\n\n\n<p>Est\u00e1 a nossa cidade<\/p>\n\n\n\n<p>Do Estado Potiguar<\/p>\n\n\n\n<p>Enfrenta dificuldade<\/p>\n\n\n\n<p>Mas tem em todos os filhos<\/p>\n\n\n\n<p>Uma grande lealdade.<\/p>\n\n\n\n<p>VIII<\/p>\n\n\n\n<p>A sua sociedade<\/p>\n\n\n\n<p>Tem uma vida ativa<\/p>\n\n\n\n<p>Pois amor por Cara\u00fabas<\/p>\n\n\n\n<p>Todo mundo incentiva<\/p>\n\n\n\n<p>Faz com que nossa cidade<\/p>\n\n\n\n<p>Fique muito positiva.<\/p>\n\n\n\n<p>IX<\/p>\n\n\n\n<p>\u00c9 uma cidade viva<\/p>\n\n\n\n<p>Seu filho \u00e9 consciente<\/p>\n\n\n\n<p>Quem nasceu em Cara\u00fabas<\/p>\n\n\n\n<p>Sempre vive bem contente<\/p>\n\n\n\n<p>Todo o caraubense<\/p>\n\n\n\n<p>\u00c9 muito inteligente.<\/p>\n\n\n\n<p>X<\/p>\n\n\n\n<p>Por Deus pai onipotente<\/p>\n\n\n\n<p>Ela \u00e9 aben\u00e7oada<\/p>\n\n\n\n<p>O orgulho dos seus filhos<\/p>\n\n\n\n<p>Em toda nossa jornada<\/p>\n\n\n\n<p>Tem os seus filhos ilustres<\/p>\n\n\n\n<p>Para ser representada.<\/p>\n\n\n\n<p>XI<\/p>\n\n\n\n<p>Cidade elogiada<\/p>\n\n\n\n<p>Por quem ela a visita<\/p>\n\n\n\n<p>V\u00ea que a nossa cidade<\/p>\n\n\n\n<p>\u00c9 pequena e bonita<\/p>\n\n\n\n<p>De um povo acolhedor<\/p>\n\n\n\n<p>E bondade infinita.<\/p>\n\n\n\n<p>XI<\/p>\n\n\n\n<p>A cidade \u00e9 bendita<\/p>\n\n\n\n<p>Seu povo merecedor<\/p>\n\n\n\n<p>De morar numa cidade<\/p>\n\n\n\n<p>Que sente muito amor<\/p>\n\n\n\n<p>Quem nasceu em Cara\u00fabas<\/p>\n\n\n\n<p>\u00c9 um grande vencedor.<\/p>\n\n\n\n<p>Bras\u00edlia- DF, 13.01.2010<\/p>\n\n\n\n<p>Ilton Gurgel, poeta.<\/p>\n\n\n\n<p>Aplausos , Ilton pela bela homenagem a sua terra ber\u00e7o !!<\/p>\n","protected":false},"excerpt":{"rendered":"<p>CARA\u00daBAS ICom amor vou escrever E o verso dedicar A minha terra natal Que a fez me inspirar Cidade de Cara\u00fabas Quero homenagear. II Cara\u00fabas um lugar Terra de solo fecundo Definir minha cidade Eu falo em um segundo Pois tenho por Cara\u00fabas Um amor muito profundo. III O melhor lugar do mundo Para a <a href=\"https:\/\/wandilsonramalho.com.br\/blog\/?p=2352\">&#8230;<\/a><\/p>\n","protected":false},"author":2,"featured_media":2353,"comment_status":"open","ping_status":"open","sticky":false,"template":"","format":"standard","meta":{"_jetpack_memberships_contains_paid_content":false,"footnotes":""},"categories":[18],"tags":[],"class_list":["post-2352","post","type-post","status-publish","format-standard","has-post-thumbnail","hentry","category-caraubas"],"jetpack_featured_media_url":"https:\/\/i0.wp.com\/wandilsonramalho.com.br\/blog\/wp-content\/uploads\/2020\/03\/23795279_505555816494628_3172501418224064214_n.jpg?fit=428%2C762&ssl=1","jetpack_sharing_enabled":true,"_links":{"self":[{"href":"https:\/\/wandilsonramalho.com.br\/blog\/index.php?rest_route=\/wp\/v2\/posts\/2352","targetHints":{"allow":["GET"]}}],"collection":[{"href":"https:\/\/wandilsonramalho.com.br\/blog\/index.php?rest_route=\/wp\/v2\/posts"}],"about":[{"href":"https:\/\/wandilsonramalho.com.br\/blog\/index.php?rest_route=\/wp\/v2\/types\/post"}],"author":[{"embeddable":true,"href":"https:\/\/wandilsonramalho.com.br\/blog\/index.php?rest_route=\/wp\/v2\/users\/2"}],"replies":[{"embeddable":true,"href":"https:\/\/wandilsonramalho.com.br\/blog\/index.php?rest_route=%2Fwp%2Fv2%2Fcomments&post=2352"}],"version-history":[{"count":1,"href":"https:\/\/wandilsonramalho.com.br\/blog\/index.php?rest_route=\/wp\/v2\/posts\/2352\/revisions"}],"predecessor-version":[{"id":2354,"href":"https:\/\/wandilsonramalho.com.br\/blog\/index.php?rest_route=\/wp\/v2\/posts\/2352\/revisions\/2354"}],"wp:featuredmedia":[{"embeddable":true,"href":"https:\/\/wandilsonramalho.com.br\/blog\/index.php?rest_route=\/wp\/v2\/media\/2353"}],"wp:attachment":[{"href":"https:\/\/wandilsonramalho.com.br\/blog\/index.php?rest_route=%2Fwp%2Fv2%2Fmedia&parent=2352"}],"wp:term":[{"taxonomy":"category","embeddable":true,"href":"https:\/\/wandilsonramalho.com.br\/blog\/index.php?rest_route=%2Fwp%2Fv2%2Fcategories&post=2352"},{"taxonomy":"post_tag","embeddable":true,"href":"https:\/\/wandilsonramalho.com.br\/blog\/index.php?rest_route=%2Fwp%2Fv2%2Ftags&post=2352"}],"curies":[{"name":"wp","href":"https:\/\/api.w.org\/{rel}","templated":true}]}}