{"id":2342,"date":"2020-03-05T01:11:00","date_gmt":"2020-03-05T04:11:00","guid":{"rendered":"https:\/\/wandilsonramalho.com.br\/blog\/?p=2342"},"modified":"2020-03-04T20:07:36","modified_gmt":"2020-03-04T23:07:36","slug":"parabens-caraubas-amada","status":"publish","type":"post","link":"https:\/\/wandilsonramalho.com.br\/blog\/?p=2342","title":{"rendered":"parab\u00e9ns . cara\u00fabas TERRA  amada !!"},"content":{"rendered":"\n<p>PARAB\u00c9NS,\nCARA\u00daBAS !!<\/p>\n\n\n\n<p>Hoje , Cara\u00fabas celebra 152 anos de sua hist\u00f3ria . Sa\u00fado esta terra amada , com seu hino.<\/p>\n\n\n\n<p>Hino\ndo munic\u00edpio de Cara\u00fabas<\/p>\n\n\n\n<p>Letra\npor Maria Silvia de V. C\u00e2mara<\/p>\n\n\n\n<p>Melodia\npor Sebastiana de Oliveira e Silva &nbsp;&nbsp;&nbsp;&nbsp; <\/p>\n\n\n\n<p>Cara\u00fabas\ncidade fagueira<\/p>\n\n\n\n<p>De\nbelezas e encantos aflux<\/p>\n\n\n\n<p>Do\nsert\u00e3o \u00e9s a plaga altaneira<\/p>\n\n\n\n<p>Inundada\nde luz.<\/p>\n\n\n\n<p>Surge\nlindo o sol radioso<\/p>\n\n\n\n<p>Dissipando\nos claros v\u00e9us<\/p>\n\n\n\n<p>O\nteu c\u00e9u de azul glorioso<\/p>\n\n\n\n<p>Brilha\nmais que os outros c\u00e9us.<\/p>\n\n\n\n<p>Quem\nme dera morrer em teu seio<\/p>\n\n\n\n<p>Jamais\nlonge de te demorar<\/p>\n\n\n\n<p>Quando\ndeixo estes campos receio<\/p>\n\n\n\n<p>Nunca\nmais regressar.<\/p>\n\n\n\n<p>Meu\namado torr\u00e3o, minha terra.<\/p>\n\n\n\n<p>Deixo\na ti este canto de amor<\/p>\n\n\n\n<p>Que\nem palavras t\u00e3o simples encerra<\/p>\n\n\n\n<p>Meu\nafeto e fervor.<\/p>\n\n\n\n<p>Nos emociona falar sobre Cara\u00fabas , cantar seu hino, observar suas belezas , abra\u00e7ar seu povo ..<\/p>\n\n\n\n<p>Como n\u00e3o se apaixonar por esta terra ..<\/p>\n\n\n\n<p>Viva Cara\u00fabas !!<\/p>\n","protected":false},"excerpt":{"rendered":"<p>PARAB\u00c9NS, CARA\u00daBAS !! Hoje , Cara\u00fabas celebra 152 anos de sua hist\u00f3ria . Sa\u00fado esta terra amada , com seu hino. Hino do munic\u00edpio de Cara\u00fabas Letra por Maria Silvia de V. C\u00e2mara Melodia por Sebastiana de Oliveira e Silva &nbsp;&nbsp;&nbsp;&nbsp; Cara\u00fabas cidade fagueira De belezas e encantos aflux Do sert\u00e3o \u00e9s a plaga altaneira <a href=\"https:\/\/wandilsonramalho.com.br\/blog\/?p=2342\">&#8230;<\/a><\/p>\n","protected":false},"author":2,"featured_media":2349,"comment_status":"open","ping_status":"open","sticky":false,"template":"","format":"standard","meta":{"_jetpack_memberships_contains_paid_content":false,"footnotes":""},"categories":[18],"tags":[],"class_list":["post-2342","post","type-post","status-publish","format-standard","has-post-thumbnail","hentry","category-caraubas"],"jetpack_featured_media_url":"https:\/\/i0.wp.com\/wandilsonramalho.com.br\/blog\/wp-content\/uploads\/2020\/03\/83614231_4025567414127478_1113521308584378368_n.jpg?fit=709%2C469&ssl=1","jetpack_sharing_enabled":true,"_links":{"self":[{"href":"https:\/\/wandilsonramalho.com.br\/blog\/index.php?rest_route=\/wp\/v2\/posts\/2342","targetHints":{"allow":["GET"]}}],"collection":[{"href":"https:\/\/wandilsonramalho.com.br\/blog\/index.php?rest_route=\/wp\/v2\/posts"}],"about":[{"href":"https:\/\/wandilsonramalho.com.br\/blog\/index.php?rest_route=\/wp\/v2\/types\/post"}],"author":[{"embeddable":true,"href":"https:\/\/wandilsonramalho.com.br\/blog\/index.php?rest_route=\/wp\/v2\/users\/2"}],"replies":[{"embeddable":true,"href":"https:\/\/wandilsonramalho.com.br\/blog\/index.php?rest_route=%2Fwp%2Fv2%2Fcomments&post=2342"}],"version-history":[{"count":2,"href":"https:\/\/wandilsonramalho.com.br\/blog\/index.php?rest_route=\/wp\/v2\/posts\/2342\/revisions"}],"predecessor-version":[{"id":2351,"href":"https:\/\/wandilsonramalho.com.br\/blog\/index.php?rest_route=\/wp\/v2\/posts\/2342\/revisions\/2351"}],"wp:featuredmedia":[{"embeddable":true,"href":"https:\/\/wandilsonramalho.com.br\/blog\/index.php?rest_route=\/wp\/v2\/media\/2349"}],"wp:attachment":[{"href":"https:\/\/wandilsonramalho.com.br\/blog\/index.php?rest_route=%2Fwp%2Fv2%2Fmedia&parent=2342"}],"wp:term":[{"taxonomy":"category","embeddable":true,"href":"https:\/\/wandilsonramalho.com.br\/blog\/index.php?rest_route=%2Fwp%2Fv2%2Fcategories&post=2342"},{"taxonomy":"post_tag","embeddable":true,"href":"https:\/\/wandilsonramalho.com.br\/blog\/index.php?rest_route=%2Fwp%2Fv2%2Ftags&post=2342"}],"curies":[{"name":"wp","href":"https:\/\/api.w.org\/{rel}","templated":true}]}}