{"id":2316,"date":"2020-03-04T01:42:00","date_gmt":"2020-03-04T04:42:00","guid":{"rendered":"https:\/\/wandilsonramalho.com.br\/blog\/?p=2316"},"modified":"2020-03-03T19:45:16","modified_gmt":"2020-03-03T22:45:16","slug":"caraubas-celebra-152-anos-de-sua-historia","status":"publish","type":"post","link":"https:\/\/wandilsonramalho.com.br\/blog\/?p=2316","title":{"rendered":"cara\u00fabas celebra 152 anos de sua hist\u00f3ria .."},"content":{"rendered":"\n<p>Cara\u00fabas, 152 anos de sua hist\u00f3ria . <\/p>\n\n\n\n<p>A prefeitura j\u00e1 anunciou que est\u00e1 tudo \u00a0pronto para as comemora\u00e7\u00f5es dos 152 anos de emancipa\u00e7\u00e3o pol\u00edtica que acontece amanh\u00e3\u00a0 \u00a005 de mar\u00e7o.<\/p>\n\n\n\n<p>Veja a programa\u00e7\u00e3o : 5h30 &#8211; Alvorada festiva com a Banda de M\u00fasica pelas ruas da cidade.7h30 &#8211; Hasteamento dos pavilh\u00f5es no Marco do Centen\u00e1rio (Grupo Escoteiros e Banda de M\u00fasica Municipal) e Ben\u00e7\u00e3o proferida pelos Ministros Evang\u00e9licos da AMEC. 9h30 &#8211; Entrega de melhorias na UBS de Apanha-Peixe e de Ambul\u00e2ncia para regi\u00e3o da v\u00e1rzea, 18h &#8211; Missa de a\u00e7\u00e3o de gra\u00e7a pelos 152 de emancipa\u00e7\u00e3o pol\u00edtica de Cara\u00fabas (Igreja Matriz de S\u00e3o Sebasti\u00e3o), 19h30 &#8211; show pirot\u00e9cnico (Pra\u00e7a S\u00e3o Sebasti\u00e3o), \u00a020h &#8211; concerto musical comemorativo com a Banda de M\u00fasica Maestro Joaquim Am\u00e2ncio (Pra\u00e7a Reinaldo Pimenta),21h &#8211; show com as Bandas Circuito Musical e Forr\u00f3 dos 3 (Pra\u00e7a Reinado Pimenta).<\/p>\n\n\n\n<p>Viva Cara\u00fabas !!<\/p>\n\n\n\n<p> Viva seu povo !!<\/p>\n","protected":false},"excerpt":{"rendered":"<p>Cara\u00fabas, 152 anos de sua hist\u00f3ria . A prefeitura j\u00e1 anunciou que est\u00e1 tudo \u00a0pronto para as comemora\u00e7\u00f5es dos 152 anos de emancipa\u00e7\u00e3o pol\u00edtica que acontece amanh\u00e3\u00a0 \u00a005 de mar\u00e7o. Veja a programa\u00e7\u00e3o : 5h30 &#8211; Alvorada festiva com a Banda de M\u00fasica pelas ruas da cidade.7h30 &#8211; Hasteamento dos pavilh\u00f5es no Marco do Centen\u00e1rio <a href=\"https:\/\/wandilsonramalho.com.br\/blog\/?p=2316\">&#8230;<\/a><\/p>\n","protected":false},"author":2,"featured_media":2317,"comment_status":"open","ping_status":"open","sticky":false,"template":"","format":"standard","meta":{"_jetpack_memberships_contains_paid_content":false,"footnotes":""},"categories":[18],"tags":[],"class_list":["post-2316","post","type-post","status-publish","format-standard","has-post-thumbnail","hentry","category-caraubas"],"jetpack_featured_media_url":"https:\/\/i0.wp.com\/wandilsonramalho.com.br\/blog\/wp-content\/uploads\/2020\/03\/Convite-Cara%C3%BAbas-152-anos.jpeg?fit=900%2C900&ssl=1","jetpack_sharing_enabled":true,"_links":{"self":[{"href":"https:\/\/wandilsonramalho.com.br\/blog\/index.php?rest_route=\/wp\/v2\/posts\/2316","targetHints":{"allow":["GET"]}}],"collection":[{"href":"https:\/\/wandilsonramalho.com.br\/blog\/index.php?rest_route=\/wp\/v2\/posts"}],"about":[{"href":"https:\/\/wandilsonramalho.com.br\/blog\/index.php?rest_route=\/wp\/v2\/types\/post"}],"author":[{"embeddable":true,"href":"https:\/\/wandilsonramalho.com.br\/blog\/index.php?rest_route=\/wp\/v2\/users\/2"}],"replies":[{"embeddable":true,"href":"https:\/\/wandilsonramalho.com.br\/blog\/index.php?rest_route=%2Fwp%2Fv2%2Fcomments&post=2316"}],"version-history":[{"count":1,"href":"https:\/\/wandilsonramalho.com.br\/blog\/index.php?rest_route=\/wp\/v2\/posts\/2316\/revisions"}],"predecessor-version":[{"id":2318,"href":"https:\/\/wandilsonramalho.com.br\/blog\/index.php?rest_route=\/wp\/v2\/posts\/2316\/revisions\/2318"}],"wp:featuredmedia":[{"embeddable":true,"href":"https:\/\/wandilsonramalho.com.br\/blog\/index.php?rest_route=\/wp\/v2\/media\/2317"}],"wp:attachment":[{"href":"https:\/\/wandilsonramalho.com.br\/blog\/index.php?rest_route=%2Fwp%2Fv2%2Fmedia&parent=2316"}],"wp:term":[{"taxonomy":"category","embeddable":true,"href":"https:\/\/wandilsonramalho.com.br\/blog\/index.php?rest_route=%2Fwp%2Fv2%2Fcategories&post=2316"},{"taxonomy":"post_tag","embeddable":true,"href":"https:\/\/wandilsonramalho.com.br\/blog\/index.php?rest_route=%2Fwp%2Fv2%2Ftags&post=2316"}],"curies":[{"name":"wp","href":"https:\/\/api.w.org\/{rel}","templated":true}]}}