{"id":2259,"date":"2020-03-01T11:27:54","date_gmt":"2020-03-01T14:27:54","guid":{"rendered":"https:\/\/wandilsonramalho.com.br\/blog\/?p=2259"},"modified":"2020-03-01T11:27:57","modified_gmt":"2020-03-01T14:27:57","slug":"homenagem-ao-artista-careca","status":"publish","type":"post","link":"https:\/\/wandilsonramalho.com.br\/blog\/?p=2259","title":{"rendered":"homenagem ao artista careca"},"content":{"rendered":"\n<p>A Escola Bambino Bil\u00edngue em Mossor\u00f3 fazendo pesquisa sobre a vida e as obras do artista Careca .<\/p>\n\n\n\n<p>Faz parte do aprendizado .<\/p>\n\n\n\n<p> A trajet\u00f3ria do artista  Careca \u00e9 bonita, de muitas lutas  e,  esta homenagem da escola \u00e9 um reconhecimento que Careca com certeza se sente orgulhoso !!<br>Isso, meu amigo Careca \u00e9 um luxo !!<\/p>\n","protected":false},"excerpt":{"rendered":"<p>A Escola Bambino Bil\u00edngue em Mossor\u00f3 fazendo pesquisa sobre a vida e as obras do artista Careca . Faz parte do aprendizado . A trajet\u00f3ria do artista Careca \u00e9 bonita, de muitas lutas e, esta homenagem da escola \u00e9 um reconhecimento que Careca com certeza se sente orgulhoso !!Isso, meu amigo Careca \u00e9 um luxo <a href=\"https:\/\/wandilsonramalho.com.br\/blog\/?p=2259\">&#8230;<\/a><\/p>\n","protected":false},"author":2,"featured_media":2261,"comment_status":"open","ping_status":"open","sticky":false,"template":"","format":"standard","meta":{"_jetpack_memberships_contains_paid_content":false,"footnotes":""},"categories":[29],"tags":[],"class_list":["post-2259","post","type-post","status-publish","format-standard","has-post-thumbnail","hentry","category-gente-chique"],"jetpack_featured_media_url":"https:\/\/i0.wp.com\/wandilsonramalho.com.br\/blog\/wp-content\/uploads\/2020\/03\/careca.jpg?fit=600%2C637&ssl=1","jetpack_sharing_enabled":true,"_links":{"self":[{"href":"https:\/\/wandilsonramalho.com.br\/blog\/index.php?rest_route=\/wp\/v2\/posts\/2259","targetHints":{"allow":["GET"]}}],"collection":[{"href":"https:\/\/wandilsonramalho.com.br\/blog\/index.php?rest_route=\/wp\/v2\/posts"}],"about":[{"href":"https:\/\/wandilsonramalho.com.br\/blog\/index.php?rest_route=\/wp\/v2\/types\/post"}],"author":[{"embeddable":true,"href":"https:\/\/wandilsonramalho.com.br\/blog\/index.php?rest_route=\/wp\/v2\/users\/2"}],"replies":[{"embeddable":true,"href":"https:\/\/wandilsonramalho.com.br\/blog\/index.php?rest_route=%2Fwp%2Fv2%2Fcomments&post=2259"}],"version-history":[{"count":1,"href":"https:\/\/wandilsonramalho.com.br\/blog\/index.php?rest_route=\/wp\/v2\/posts\/2259\/revisions"}],"predecessor-version":[{"id":2262,"href":"https:\/\/wandilsonramalho.com.br\/blog\/index.php?rest_route=\/wp\/v2\/posts\/2259\/revisions\/2262"}],"wp:featuredmedia":[{"embeddable":true,"href":"https:\/\/wandilsonramalho.com.br\/blog\/index.php?rest_route=\/wp\/v2\/media\/2261"}],"wp:attachment":[{"href":"https:\/\/wandilsonramalho.com.br\/blog\/index.php?rest_route=%2Fwp%2Fv2%2Fmedia&parent=2259"}],"wp:term":[{"taxonomy":"category","embeddable":true,"href":"https:\/\/wandilsonramalho.com.br\/blog\/index.php?rest_route=%2Fwp%2Fv2%2Fcategories&post=2259"},{"taxonomy":"post_tag","embeddable":true,"href":"https:\/\/wandilsonramalho.com.br\/blog\/index.php?rest_route=%2Fwp%2Fv2%2Ftags&post=2259"}],"curies":[{"name":"wp","href":"https:\/\/api.w.org\/{rel}","templated":true}]}}