{"id":2230,"date":"2020-02-29T01:56:00","date_gmt":"2020-02-29T04:56:00","guid":{"rendered":"https:\/\/wandilsonramalho.com.br\/blog\/?p=2230"},"modified":"2020-02-28T20:01:38","modified_gmt":"2020-02-28T23:01:38","slug":"feira-da-lua","status":"publish","type":"post","link":"https:\/\/wandilsonramalho.com.br\/blog\/?p=2230","title":{"rendered":"FEIRA DA LUA"},"content":{"rendered":"\n<p>O projeto de Lei apresentado quinta feira \u00a0na C\u00e2mara de Vereadores de autoria do parlamentar Chiquito Praxedes e  sancionada pelo prefeito Juninho Alves, torna oficial no munic\u00edpio de Cara\u00fabas a Feira da Lua.<\/p>\n\n\n\n<p>A Feira da Lua passa a fazer parte do calend\u00e1rio oficial caraubense, sendo resguardada por lei a parte estrutural e de car\u00e1ter p\u00fablico.<\/p>\n\n\n\n<p> Durante a sess\u00e3o \u00a0microempreendedor, artes\u00e3o e comerciantes beneficiados com a Feira da Lua, aplaudiram a iniciativa do vereador Chiquito Praxedes e agradeceram ao prefeito Juninho Alves por mais uma a\u00e7\u00e3o que gera emprego e renda para a popula\u00e7\u00e3o.<\/p>\n","protected":false},"excerpt":{"rendered":"<p>O projeto de Lei apresentado quinta feira \u00a0na C\u00e2mara de Vereadores de autoria do parlamentar Chiquito Praxedes e sancionada pelo prefeito Juninho Alves, torna oficial no munic\u00edpio de Cara\u00fabas a Feira da Lua. A Feira da Lua passa a fazer parte do calend\u00e1rio oficial caraubense, sendo resguardada por lei a parte estrutural e de car\u00e1ter <a href=\"https:\/\/wandilsonramalho.com.br\/blog\/?p=2230\">&#8230;<\/a><\/p>\n","protected":false},"author":2,"featured_media":2231,"comment_status":"open","ping_status":"open","sticky":false,"template":"","format":"standard","meta":{"_jetpack_memberships_contains_paid_content":false,"footnotes":""},"categories":[18],"tags":[],"class_list":["post-2230","post","type-post","status-publish","format-standard","has-post-thumbnail","hentry","category-caraubas"],"jetpack_featured_media_url":"https:\/\/i0.wp.com\/wandilsonramalho.com.br\/blog\/wp-content\/uploads\/2020\/02\/IMG_3874.jpg?fit=641%2C427&ssl=1","jetpack_sharing_enabled":true,"_links":{"self":[{"href":"https:\/\/wandilsonramalho.com.br\/blog\/index.php?rest_route=\/wp\/v2\/posts\/2230","targetHints":{"allow":["GET"]}}],"collection":[{"href":"https:\/\/wandilsonramalho.com.br\/blog\/index.php?rest_route=\/wp\/v2\/posts"}],"about":[{"href":"https:\/\/wandilsonramalho.com.br\/blog\/index.php?rest_route=\/wp\/v2\/types\/post"}],"author":[{"embeddable":true,"href":"https:\/\/wandilsonramalho.com.br\/blog\/index.php?rest_route=\/wp\/v2\/users\/2"}],"replies":[{"embeddable":true,"href":"https:\/\/wandilsonramalho.com.br\/blog\/index.php?rest_route=%2Fwp%2Fv2%2Fcomments&post=2230"}],"version-history":[{"count":1,"href":"https:\/\/wandilsonramalho.com.br\/blog\/index.php?rest_route=\/wp\/v2\/posts\/2230\/revisions"}],"predecessor-version":[{"id":2232,"href":"https:\/\/wandilsonramalho.com.br\/blog\/index.php?rest_route=\/wp\/v2\/posts\/2230\/revisions\/2232"}],"wp:featuredmedia":[{"embeddable":true,"href":"https:\/\/wandilsonramalho.com.br\/blog\/index.php?rest_route=\/wp\/v2\/media\/2231"}],"wp:attachment":[{"href":"https:\/\/wandilsonramalho.com.br\/blog\/index.php?rest_route=%2Fwp%2Fv2%2Fmedia&parent=2230"}],"wp:term":[{"taxonomy":"category","embeddable":true,"href":"https:\/\/wandilsonramalho.com.br\/blog\/index.php?rest_route=%2Fwp%2Fv2%2Fcategories&post=2230"},{"taxonomy":"post_tag","embeddable":true,"href":"https:\/\/wandilsonramalho.com.br\/blog\/index.php?rest_route=%2Fwp%2Fv2%2Ftags&post=2230"}],"curies":[{"name":"wp","href":"https:\/\/api.w.org\/{rel}","templated":true}]}}