{"id":2227,"date":"2020-02-29T01:53:00","date_gmt":"2020-02-29T04:53:00","guid":{"rendered":"https:\/\/wandilsonramalho.com.br\/blog\/?p=2227"},"modified":"2020-02-28T19:56:02","modified_gmt":"2020-02-28T22:56:02","slug":"posse-de-jaimar-gomes","status":"publish","type":"post","link":"https:\/\/wandilsonramalho.com.br\/blog\/?p=2227","title":{"rendered":"posse de jAIMAR GOMES"},"content":{"rendered":"\n<p>O Vener\u00e1vel Mestre Francisco de Assis de Melo Varela da Loja Ma\u00e7\u00f4nica dr. Antonio Gentil Fernandes convidando \u00a0para a Instala\u00e7\u00e3o e Posse do Vener\u00e1vel Mestre Eleito Antonio Jaimar Gomes \u00e0s 19 horas na \u00e1rea de Lazer desta Loja. <\/p>\n\n\n\n<p>As 16 horas Jaimar ser\u00e1 empossado em solenidade restrita aos ma\u00e7ons e \u00e0s 19 horas acontece o jantar de confraterniza\u00e7\u00e3o .<\/p>\n\n\n\n<p> Agradecemos o convite .<\/p>\n","protected":false},"excerpt":{"rendered":"<p>O Vener\u00e1vel Mestre Francisco de Assis de Melo Varela da Loja Ma\u00e7\u00f4nica dr. Antonio Gentil Fernandes convidando \u00a0para a Instala\u00e7\u00e3o e Posse do Vener\u00e1vel Mestre Eleito Antonio Jaimar Gomes \u00e0s 19 horas na \u00e1rea de Lazer desta Loja. As 16 horas Jaimar ser\u00e1 empossado em solenidade restrita aos ma\u00e7ons e \u00e0s 19 horas acontece o <a href=\"https:\/\/wandilsonramalho.com.br\/blog\/?p=2227\">&#8230;<\/a><\/p>\n","protected":false},"author":2,"featured_media":2228,"comment_status":"open","ping_status":"open","sticky":false,"template":"","format":"standard","meta":{"_jetpack_memberships_contains_paid_content":false,"footnotes":""},"categories":[18],"tags":[],"class_list":["post-2227","post","type-post","status-publish","format-standard","has-post-thumbnail","hentry","category-caraubas"],"jetpack_featured_media_url":"https:\/\/i0.wp.com\/wandilsonramalho.com.br\/blog\/wp-content\/uploads\/2020\/02\/f01-jaimar.jpg?fit=479%2C607&ssl=1","jetpack_sharing_enabled":true,"_links":{"self":[{"href":"https:\/\/wandilsonramalho.com.br\/blog\/index.php?rest_route=\/wp\/v2\/posts\/2227","targetHints":{"allow":["GET"]}}],"collection":[{"href":"https:\/\/wandilsonramalho.com.br\/blog\/index.php?rest_route=\/wp\/v2\/posts"}],"about":[{"href":"https:\/\/wandilsonramalho.com.br\/blog\/index.php?rest_route=\/wp\/v2\/types\/post"}],"author":[{"embeddable":true,"href":"https:\/\/wandilsonramalho.com.br\/blog\/index.php?rest_route=\/wp\/v2\/users\/2"}],"replies":[{"embeddable":true,"href":"https:\/\/wandilsonramalho.com.br\/blog\/index.php?rest_route=%2Fwp%2Fv2%2Fcomments&post=2227"}],"version-history":[{"count":1,"href":"https:\/\/wandilsonramalho.com.br\/blog\/index.php?rest_route=\/wp\/v2\/posts\/2227\/revisions"}],"predecessor-version":[{"id":2229,"href":"https:\/\/wandilsonramalho.com.br\/blog\/index.php?rest_route=\/wp\/v2\/posts\/2227\/revisions\/2229"}],"wp:featuredmedia":[{"embeddable":true,"href":"https:\/\/wandilsonramalho.com.br\/blog\/index.php?rest_route=\/wp\/v2\/media\/2228"}],"wp:attachment":[{"href":"https:\/\/wandilsonramalho.com.br\/blog\/index.php?rest_route=%2Fwp%2Fv2%2Fmedia&parent=2227"}],"wp:term":[{"taxonomy":"category","embeddable":true,"href":"https:\/\/wandilsonramalho.com.br\/blog\/index.php?rest_route=%2Fwp%2Fv2%2Fcategories&post=2227"},{"taxonomy":"post_tag","embeddable":true,"href":"https:\/\/wandilsonramalho.com.br\/blog\/index.php?rest_route=%2Fwp%2Fv2%2Ftags&post=2227"}],"curies":[{"name":"wp","href":"https:\/\/api.w.org\/{rel}","templated":true}]}}