{"id":2222,"date":"2020-02-28T09:52:41","date_gmt":"2020-02-28T12:52:41","guid":{"rendered":"https:\/\/wandilsonramalho.com.br\/blog\/?p=2222"},"modified":"2020-02-28T09:54:47","modified_gmt":"2020-02-28T12:54:47","slug":"o-casal-vivenio-e-rutila-feliz-feliz","status":"publish","type":"post","link":"https:\/\/wandilsonramalho.com.br\/blog\/?p=2222","title":{"rendered":"O casal Viv\u00eanio e R\u00fatila feliz, feliz !!"},"content":{"rendered":"\n<p>Vivenio J\u00e1come e R\u00fatila Fernandes e a filha Manuela  felizes , felizes com a chegada do filho e irm\u00e3o  Miguel dia 24 deste . <\/p>\n\n\n\n<p> Quanta  alegria!  <\/p>\n\n\n\n<p> Que presente mais lindo !!!<\/p>\n\n\n\n<p> Que maravilha ter uma crian\u00e7a t\u00e3o bela  para cuidar, amar e fazer feliz. <\/p>\n\n\n\n<p>Parab\u00e9ns aos papais e boas vindas a Miguel .<\/p>\n","protected":false},"excerpt":{"rendered":"<p>Vivenio J\u00e1come e R\u00fatila Fernandes e a filha Manuela felizes , felizes com a chegada do filho e irm\u00e3o Miguel dia 24 deste . Quanta alegria! Que presente mais lindo !!! Que maravilha ter uma crian\u00e7a t\u00e3o bela para cuidar, amar e fazer feliz. Parab\u00e9ns aos papais e boas vindas a Miguel . <a href=\"https:\/\/wandilsonramalho.com.br\/blog\/?p=2222\">&#8230;<\/a><\/p>\n","protected":false},"author":2,"featured_media":2225,"comment_status":"open","ping_status":"open","sticky":false,"template":"","format":"standard","meta":{"_jetpack_memberships_contains_paid_content":false,"footnotes":""},"categories":[29],"tags":[],"class_list":["post-2222","post","type-post","status-publish","format-standard","has-post-thumbnail","hentry","category-gente-chique"],"jetpack_featured_media_url":"https:\/\/i0.wp.com\/wandilsonramalho.com.br\/blog\/wp-content\/uploads\/2020\/02\/87502453_2587627114807231_6336204091730952192_n-1.jpg?fit=480%2C640&ssl=1","jetpack_sharing_enabled":true,"_links":{"self":[{"href":"https:\/\/wandilsonramalho.com.br\/blog\/index.php?rest_route=\/wp\/v2\/posts\/2222","targetHints":{"allow":["GET"]}}],"collection":[{"href":"https:\/\/wandilsonramalho.com.br\/blog\/index.php?rest_route=\/wp\/v2\/posts"}],"about":[{"href":"https:\/\/wandilsonramalho.com.br\/blog\/index.php?rest_route=\/wp\/v2\/types\/post"}],"author":[{"embeddable":true,"href":"https:\/\/wandilsonramalho.com.br\/blog\/index.php?rest_route=\/wp\/v2\/users\/2"}],"replies":[{"embeddable":true,"href":"https:\/\/wandilsonramalho.com.br\/blog\/index.php?rest_route=%2Fwp%2Fv2%2Fcomments&post=2222"}],"version-history":[{"count":1,"href":"https:\/\/wandilsonramalho.com.br\/blog\/index.php?rest_route=\/wp\/v2\/posts\/2222\/revisions"}],"predecessor-version":[{"id":2224,"href":"https:\/\/wandilsonramalho.com.br\/blog\/index.php?rest_route=\/wp\/v2\/posts\/2222\/revisions\/2224"}],"wp:featuredmedia":[{"embeddable":true,"href":"https:\/\/wandilsonramalho.com.br\/blog\/index.php?rest_route=\/wp\/v2\/media\/2225"}],"wp:attachment":[{"href":"https:\/\/wandilsonramalho.com.br\/blog\/index.php?rest_route=%2Fwp%2Fv2%2Fmedia&parent=2222"}],"wp:term":[{"taxonomy":"category","embeddable":true,"href":"https:\/\/wandilsonramalho.com.br\/blog\/index.php?rest_route=%2Fwp%2Fv2%2Fcategories&post=2222"},{"taxonomy":"post_tag","embeddable":true,"href":"https:\/\/wandilsonramalho.com.br\/blog\/index.php?rest_route=%2Fwp%2Fv2%2Ftags&post=2222"}],"curies":[{"name":"wp","href":"https:\/\/api.w.org\/{rel}","templated":true}]}}