{"id":2216,"date":"2020-02-28T01:14:00","date_gmt":"2020-02-28T04:14:00","guid":{"rendered":"https:\/\/wandilsonramalho.com.br\/blog\/?p=2216"},"modified":"2020-02-27T20:18:44","modified_gmt":"2020-02-27T23:18:44","slug":"marfisa-partiu","status":"publish","type":"post","link":"https:\/\/wandilsonramalho.com.br\/blog\/?p=2216","title":{"rendered":"marfisa partiu .."},"content":{"rendered":"\n<p>Como disse Rubem Alves \u201cA morte \u00e9 sempre um mergulho no abandono \u201c. <\/p>\n\n\n\n<p>Domingo 23 a nossa vizinha , de muitos anos Marfisa de Oliveira partiu . <\/p>\n\n\n\n<p>Ela uma mulher que s\u00f3 fez o bem, \u00a0tranquila , amiga. <\/p>\n\n\n\n<p>Para os filhos Silveira, Luizinho, Paulo e Pedro e demais familiares o nosso abra\u00e7o .<\/p>\n\n\n\n<p> A nossa pra\u00e7a Ubaldo Fernandes n\u00e3o \u00e9 mais a mesma . <\/p>\n\n\n\n<p>Descanse em paz Marfisa . <\/p>\n","protected":false},"excerpt":{"rendered":"<p>Como disse Rubem Alves \u201cA morte \u00e9 sempre um mergulho no abandono \u201c. Domingo 23 a nossa vizinha , de muitos anos Marfisa de Oliveira partiu . Ela uma mulher que s\u00f3 fez o bem, \u00a0tranquila , amiga. Para os filhos Silveira, Luizinho, Paulo e Pedro e demais familiares o nosso abra\u00e7o . A nossa <a href=\"https:\/\/wandilsonramalho.com.br\/blog\/?p=2216\">&#8230;<\/a><\/p>\n","protected":false},"author":2,"featured_media":2217,"comment_status":"open","ping_status":"open","sticky":false,"template":"","format":"standard","meta":{"_jetpack_memberships_contains_paid_content":false,"footnotes":""},"categories":[18],"tags":[],"class_list":["post-2216","post","type-post","status-publish","format-standard","has-post-thumbnail","hentry","category-caraubas"],"jetpack_featured_media_url":"https:\/\/i0.wp.com\/wandilsonramalho.com.br\/blog\/wp-content\/uploads\/2020\/02\/poster-violetas-na-janela-30x42-cm-laminado-frete-gratis-espiritual.jpg?fit=723%2C984&ssl=1","jetpack_sharing_enabled":true,"_links":{"self":[{"href":"https:\/\/wandilsonramalho.com.br\/blog\/index.php?rest_route=\/wp\/v2\/posts\/2216","targetHints":{"allow":["GET"]}}],"collection":[{"href":"https:\/\/wandilsonramalho.com.br\/blog\/index.php?rest_route=\/wp\/v2\/posts"}],"about":[{"href":"https:\/\/wandilsonramalho.com.br\/blog\/index.php?rest_route=\/wp\/v2\/types\/post"}],"author":[{"embeddable":true,"href":"https:\/\/wandilsonramalho.com.br\/blog\/index.php?rest_route=\/wp\/v2\/users\/2"}],"replies":[{"embeddable":true,"href":"https:\/\/wandilsonramalho.com.br\/blog\/index.php?rest_route=%2Fwp%2Fv2%2Fcomments&post=2216"}],"version-history":[{"count":1,"href":"https:\/\/wandilsonramalho.com.br\/blog\/index.php?rest_route=\/wp\/v2\/posts\/2216\/revisions"}],"predecessor-version":[{"id":2218,"href":"https:\/\/wandilsonramalho.com.br\/blog\/index.php?rest_route=\/wp\/v2\/posts\/2216\/revisions\/2218"}],"wp:featuredmedia":[{"embeddable":true,"href":"https:\/\/wandilsonramalho.com.br\/blog\/index.php?rest_route=\/wp\/v2\/media\/2217"}],"wp:attachment":[{"href":"https:\/\/wandilsonramalho.com.br\/blog\/index.php?rest_route=%2Fwp%2Fv2%2Fmedia&parent=2216"}],"wp:term":[{"taxonomy":"category","embeddable":true,"href":"https:\/\/wandilsonramalho.com.br\/blog\/index.php?rest_route=%2Fwp%2Fv2%2Fcategories&post=2216"},{"taxonomy":"post_tag","embeddable":true,"href":"https:\/\/wandilsonramalho.com.br\/blog\/index.php?rest_route=%2Fwp%2Fv2%2Ftags&post=2216"}],"curies":[{"name":"wp","href":"https:\/\/api.w.org\/{rel}","templated":true}]}}