{"id":2212,"date":"2020-02-28T01:12:00","date_gmt":"2020-02-28T04:12:00","guid":{"rendered":"https:\/\/wandilsonramalho.com.br\/blog\/?p=2212"},"modified":"2020-02-27T20:14:00","modified_gmt":"2020-02-27T23:14:00","slug":"convite","status":"publish","type":"post","link":"https:\/\/wandilsonramalho.com.br\/blog\/?p=2212","title":{"rendered":"convite"},"content":{"rendered":"\n<p>Agradecer faz bem . <\/p>\n\n\n\n<p>A Academia Mossoroense de Letras _AMOL empossando \u00a0dia 05 de mar\u00e7o \u00e0s 19 horas a Acad\u00eamica Ludimilla Carvalho Serafim de Oliveira para ocupar a cadeira no 23 que tem como patrono Francisco Fausto de Souza . O point deste evento ser\u00e1 OAB Subsecional de Mossor\u00f3 .<\/p>\n\n\n\n<p> Agradecemos o convite honroso da nova Acad\u00eamica Ludimilla . <\/p>\n","protected":false},"excerpt":{"rendered":"<p>Agradecer faz bem . A Academia Mossoroense de Letras _AMOL empossando \u00a0dia 05 de mar\u00e7o \u00e0s 19 horas a Acad\u00eamica Ludimilla Carvalho Serafim de Oliveira para ocupar a cadeira no 23 que tem como patrono Francisco Fausto de Souza . O point deste evento ser\u00e1 OAB Subsecional de Mossor\u00f3 . Agradecemos o convite honroso da <a href=\"https:\/\/wandilsonramalho.com.br\/blog\/?p=2212\">&#8230;<\/a><\/p>\n","protected":false},"author":2,"featured_media":2213,"comment_status":"open","ping_status":"open","sticky":false,"template":"","format":"standard","meta":{"_jetpack_memberships_contains_paid_content":false,"footnotes":""},"categories":[29],"tags":[],"class_list":["post-2212","post","type-post","status-publish","format-standard","has-post-thumbnail","hentry","category-gente-chique"],"jetpack_featured_media_url":"https:\/\/i0.wp.com\/wandilsonramalho.com.br\/blog\/wp-content\/uploads\/2020\/02\/86264602_2762225937231544_158392166173900800_o.jpg?fit=768%2C960&ssl=1","jetpack_sharing_enabled":true,"_links":{"self":[{"href":"https:\/\/wandilsonramalho.com.br\/blog\/index.php?rest_route=\/wp\/v2\/posts\/2212","targetHints":{"allow":["GET"]}}],"collection":[{"href":"https:\/\/wandilsonramalho.com.br\/blog\/index.php?rest_route=\/wp\/v2\/posts"}],"about":[{"href":"https:\/\/wandilsonramalho.com.br\/blog\/index.php?rest_route=\/wp\/v2\/types\/post"}],"author":[{"embeddable":true,"href":"https:\/\/wandilsonramalho.com.br\/blog\/index.php?rest_route=\/wp\/v2\/users\/2"}],"replies":[{"embeddable":true,"href":"https:\/\/wandilsonramalho.com.br\/blog\/index.php?rest_route=%2Fwp%2Fv2%2Fcomments&post=2212"}],"version-history":[{"count":2,"href":"https:\/\/wandilsonramalho.com.br\/blog\/index.php?rest_route=\/wp\/v2\/posts\/2212\/revisions"}],"predecessor-version":[{"id":2215,"href":"https:\/\/wandilsonramalho.com.br\/blog\/index.php?rest_route=\/wp\/v2\/posts\/2212\/revisions\/2215"}],"wp:featuredmedia":[{"embeddable":true,"href":"https:\/\/wandilsonramalho.com.br\/blog\/index.php?rest_route=\/wp\/v2\/media\/2213"}],"wp:attachment":[{"href":"https:\/\/wandilsonramalho.com.br\/blog\/index.php?rest_route=%2Fwp%2Fv2%2Fmedia&parent=2212"}],"wp:term":[{"taxonomy":"category","embeddable":true,"href":"https:\/\/wandilsonramalho.com.br\/blog\/index.php?rest_route=%2Fwp%2Fv2%2Fcategories&post=2212"},{"taxonomy":"post_tag","embeddable":true,"href":"https:\/\/wandilsonramalho.com.br\/blog\/index.php?rest_route=%2Fwp%2Fv2%2Ftags&post=2212"}],"curies":[{"name":"wp","href":"https:\/\/api.w.org\/{rel}","templated":true}]}}