{"id":2209,"date":"2020-02-28T01:05:00","date_gmt":"2020-02-28T04:05:00","guid":{"rendered":"https:\/\/wandilsonramalho.com.br\/blog\/?p=2209"},"modified":"2020-02-27T20:11:58","modified_gmt":"2020-02-27T23:11:58","slug":"carnaval-em-tibau","status":"publish","type":"post","link":"https:\/\/wandilsonramalho.com.br\/blog\/?p=2209","title":{"rendered":"carnaval em tibau .."},"content":{"rendered":"\n<p>Sol , mar, calor, fam\u00edlia, amigos,alegria, \u00a0felicidade, muito humor , caminhar  (por do sol ), redes nos alpendres , conversa , gastronomia \u00a0e aquela euforia peculiar do carnaval.<\/p>\n\n\n\n<p>Foi assim o nosso carnaval em Tibau nas Emanuelas a convite do casal Erialdo Rebou\u00e7as e Ana Sandra a quem agradecemos a receptividade mil . <\/p>\n\n\n\n<p>L\u00e1 as companhias super agrad\u00e1veis , Robson e Rosane e as filhas Ana Clara e Ana Tereza e seu love Felipe , Joaquim e Arilene e o filho Davi, Jean , Isl\u00e2ndia e filha Isabel , Medeiros e Simone e os filhos Mateus e Pedro . Isak Maia , Erielle Rebou\u00e7as curtiram dois dias . <br>Hoje, Erialdo Rebou\u00e7as celebra seu anivers\u00e1rio ..Parab\u00e9ns!!<br>Dia 01 domingo , Islandia festeja seu niver. Vivas!<\/p>\n\n\n\n<p> <\/p>\n","protected":false},"excerpt":{"rendered":"<p>Sol , mar, calor, fam\u00edlia, amigos,alegria, \u00a0felicidade, muito humor , caminhar (por do sol ), redes nos alpendres , conversa , gastronomia \u00a0e aquela euforia peculiar do carnaval. Foi assim o nosso carnaval em Tibau nas Emanuelas a convite do casal Erialdo Rebou\u00e7as e Ana Sandra a quem agradecemos a receptividade mil . L\u00e1 as <a href=\"https:\/\/wandilsonramalho.com.br\/blog\/?p=2209\">&#8230;<\/a><\/p>\n","protected":false},"author":2,"featured_media":2210,"comment_status":"open","ping_status":"open","sticky":false,"template":"","format":"standard","meta":{"_jetpack_memberships_contains_paid_content":false,"footnotes":""},"categories":[30],"tags":[],"class_list":["post-2209","post","type-post","status-publish","format-standard","has-post-thumbnail","hentry","category-avisos"],"jetpack_featured_media_url":"https:\/\/i0.wp.com\/wandilsonramalho.com.br\/blog\/wp-content\/uploads\/2020\/02\/f01-ERIALDO.jpg?fit=1134%2C461&ssl=1","jetpack_sharing_enabled":true,"_links":{"self":[{"href":"https:\/\/wandilsonramalho.com.br\/blog\/index.php?rest_route=\/wp\/v2\/posts\/2209","targetHints":{"allow":["GET"]}}],"collection":[{"href":"https:\/\/wandilsonramalho.com.br\/blog\/index.php?rest_route=\/wp\/v2\/posts"}],"about":[{"href":"https:\/\/wandilsonramalho.com.br\/blog\/index.php?rest_route=\/wp\/v2\/types\/post"}],"author":[{"embeddable":true,"href":"https:\/\/wandilsonramalho.com.br\/blog\/index.php?rest_route=\/wp\/v2\/users\/2"}],"replies":[{"embeddable":true,"href":"https:\/\/wandilsonramalho.com.br\/blog\/index.php?rest_route=%2Fwp%2Fv2%2Fcomments&post=2209"}],"version-history":[{"count":1,"href":"https:\/\/wandilsonramalho.com.br\/blog\/index.php?rest_route=\/wp\/v2\/posts\/2209\/revisions"}],"predecessor-version":[{"id":2211,"href":"https:\/\/wandilsonramalho.com.br\/blog\/index.php?rest_route=\/wp\/v2\/posts\/2209\/revisions\/2211"}],"wp:featuredmedia":[{"embeddable":true,"href":"https:\/\/wandilsonramalho.com.br\/blog\/index.php?rest_route=\/wp\/v2\/media\/2210"}],"wp:attachment":[{"href":"https:\/\/wandilsonramalho.com.br\/blog\/index.php?rest_route=%2Fwp%2Fv2%2Fmedia&parent=2209"}],"wp:term":[{"taxonomy":"category","embeddable":true,"href":"https:\/\/wandilsonramalho.com.br\/blog\/index.php?rest_route=%2Fwp%2Fv2%2Fcategories&post=2209"},{"taxonomy":"post_tag","embeddable":true,"href":"https:\/\/wandilsonramalho.com.br\/blog\/index.php?rest_route=%2Fwp%2Fv2%2Ftags&post=2209"}],"curies":[{"name":"wp","href":"https:\/\/api.w.org\/{rel}","templated":true}]}}