{"id":2177,"date":"2020-02-23T01:45:00","date_gmt":"2020-02-23T04:45:00","guid":{"rendered":"https:\/\/wandilsonramalho.com.br\/blog\/?p=2177"},"modified":"2020-02-20T17:00:52","modified_gmt":"2020-02-20T20:00:52","slug":"e-carnaval-dom-helder-falou","status":"publish","type":"post","link":"https:\/\/wandilsonramalho.com.br\/blog\/?p=2177","title":{"rendered":"\u00e9 carnaval ..dom helder falou .."},"content":{"rendered":"\n<p>Carnaval \u00e9 a alegria popular. Direi mesmo, uma das raras alegrias que  ainda sobram para a minha gente querida.<\/p>\n\n\n\n<p> Peca-se muito no carnaval?<\/p>\n\n\n\n<p> N\u00e3o  sei o que pesa mais diante de Deus: se excessos, aqui e ali, cometidos  por foli\u00f5es, ou farisa\u00edsmo e falta de caridade por parte de quem se  julga melhor e mais santo por n\u00e3o brincar o carnaval.<\/p>\n\n\n\n<p> Estive recordando  sambas e frevos, do disco do Baile da Saudade: \u00f4 jardineira por que  estas t\u00e3o triste? Mas o que foi que aconteceu\u2026 Tu \u00e9s muito mais bonita  que a cam\u00e9lia que morreu. <\/p>\n\n\n\n<p>Brinque, meu povo povo querido! Minha gente  querid\u00edssima. \u00c9 verdade que quarta-feira a luta recome\u00e7a. Mas, ao menos,  se p\u00f4s um pouco de sonho na realidade dura da vida!\u201d<\/p>\n\n\n\n<p><strong>Dom H\u00e9lder C\u00e2mara<\/strong><\/p>\n","protected":false},"excerpt":{"rendered":"<p>Carnaval \u00e9 a alegria popular. Direi mesmo, uma das raras alegrias que ainda sobram para a minha gente querida. Peca-se muito no carnaval? N\u00e3o sei o que pesa mais diante de Deus: se excessos, aqui e ali, cometidos por foli\u00f5es, ou farisa\u00edsmo e falta de caridade por parte de quem se julga melhor e mais <a href=\"https:\/\/wandilsonramalho.com.br\/blog\/?p=2177\">&#8230;<\/a><\/p>\n","protected":false},"author":2,"featured_media":2178,"comment_status":"open","ping_status":"open","sticky":false,"template":"","format":"standard","meta":{"_jetpack_memberships_contains_paid_content":false,"footnotes":""},"categories":[2],"tags":[],"class_list":["post-2177","post","type-post","status-publish","format-standard","has-post-thumbnail","hentry","category-mensagens"],"jetpack_featured_media_url":"https:\/\/i0.wp.com\/wandilsonramalho.com.br\/blog\/wp-content\/uploads\/2020\/02\/unnamed.png?fit=512%2C237&ssl=1","jetpack_sharing_enabled":true,"_links":{"self":[{"href":"https:\/\/wandilsonramalho.com.br\/blog\/index.php?rest_route=\/wp\/v2\/posts\/2177","targetHints":{"allow":["GET"]}}],"collection":[{"href":"https:\/\/wandilsonramalho.com.br\/blog\/index.php?rest_route=\/wp\/v2\/posts"}],"about":[{"href":"https:\/\/wandilsonramalho.com.br\/blog\/index.php?rest_route=\/wp\/v2\/types\/post"}],"author":[{"embeddable":true,"href":"https:\/\/wandilsonramalho.com.br\/blog\/index.php?rest_route=\/wp\/v2\/users\/2"}],"replies":[{"embeddable":true,"href":"https:\/\/wandilsonramalho.com.br\/blog\/index.php?rest_route=%2Fwp%2Fv2%2Fcomments&post=2177"}],"version-history":[{"count":1,"href":"https:\/\/wandilsonramalho.com.br\/blog\/index.php?rest_route=\/wp\/v2\/posts\/2177\/revisions"}],"predecessor-version":[{"id":2179,"href":"https:\/\/wandilsonramalho.com.br\/blog\/index.php?rest_route=\/wp\/v2\/posts\/2177\/revisions\/2179"}],"wp:featuredmedia":[{"embeddable":true,"href":"https:\/\/wandilsonramalho.com.br\/blog\/index.php?rest_route=\/wp\/v2\/media\/2178"}],"wp:attachment":[{"href":"https:\/\/wandilsonramalho.com.br\/blog\/index.php?rest_route=%2Fwp%2Fv2%2Fmedia&parent=2177"}],"wp:term":[{"taxonomy":"category","embeddable":true,"href":"https:\/\/wandilsonramalho.com.br\/blog\/index.php?rest_route=%2Fwp%2Fv2%2Fcategories&post=2177"},{"taxonomy":"post_tag","embeddable":true,"href":"https:\/\/wandilsonramalho.com.br\/blog\/index.php?rest_route=%2Fwp%2Fv2%2Ftags&post=2177"}],"curies":[{"name":"wp","href":"https:\/\/api.w.org\/{rel}","templated":true}]}}