{"id":2145,"date":"2020-02-20T08:29:18","date_gmt":"2020-02-20T11:29:18","guid":{"rendered":"https:\/\/wandilsonramalho.com.br\/blog\/?p=2145"},"modified":"2020-02-24T17:16:00","modified_gmt":"2020-02-24T20:16:00","slug":"assis-batista-uma-nova-missao-em-sua-vida-psicologia","status":"publish","type":"post","link":"https:\/\/wandilsonramalho.com.br\/blog\/?p=2145","title":{"rendered":"assis batista uma nova miss\u00e3o em sua vida -Psicologia"},"content":{"rendered":"\n<p>A 29\u00aa edi\u00e7\u00e3o da Jornada Pedag\u00f3gica de Patu\u00a0 com \u00a0o tema: \u201cCurr\u00edculo Potiguar: Organiza\u00e7\u00e3o do Trabalho Pedag\u00f3gico para uma Educa\u00e7\u00e3o integral , Democr\u00e1tica e Inclusiva\u201d ) com abertura nesta segunda feira 17.\u00a0<\/p>\n\n\n\n<p> As atividades iniciaram com o acolhimento, um momento reflexivo a partir da musica \u201cCa\u00e7ador de Mim\u201d (Milton Nascimento) abordada pelo psic\u00f3logo Francisco de Ass\u00eds Batista do CRAS, em seguida ocorreu uma Mesa Expositora sobre\u00a0 o tema central . <\/p>\n\n\n\n<p>Assis Batista credenciado para atuar nessa \u00e1rea com toda a postura de ser e de viver.<\/p>\n\n\n\n<p>Com larga experi\u00eancia de vida..<\/p>\n\n\n\n<p>Por isso, eu indico ..<\/p>\n","protected":false},"excerpt":{"rendered":"<p>A 29\u00aa edi\u00e7\u00e3o da Jornada Pedag\u00f3gica de Patu\u00a0 com \u00a0o tema: \u201cCurr\u00edculo Potiguar: Organiza\u00e7\u00e3o do Trabalho Pedag\u00f3gico para uma Educa\u00e7\u00e3o integral , Democr\u00e1tica e Inclusiva\u201d ) com abertura nesta segunda feira 17.\u00a0 As atividades iniciaram com o acolhimento, um momento reflexivo a partir da musica \u201cCa\u00e7ador de Mim\u201d (Milton Nascimento) abordada pelo psic\u00f3logo Francisco de <a href=\"https:\/\/wandilsonramalho.com.br\/blog\/?p=2145\">&#8230;<\/a><\/p>\n","protected":false},"author":2,"featured_media":2146,"comment_status":"open","ping_status":"open","sticky":false,"template":"","format":"standard","meta":{"_jetpack_memberships_contains_paid_content":false,"footnotes":""},"categories":[18],"tags":[],"class_list":["post-2145","post","type-post","status-publish","format-standard","has-post-thumbnail","hentry","category-caraubas"],"jetpack_featured_media_url":"https:\/\/i0.wp.com\/wandilsonramalho.com.br\/blog\/wp-content\/uploads\/2020\/02\/f03-assis.jpg?fit=1080%2C960&ssl=1","jetpack_sharing_enabled":true,"_links":{"self":[{"href":"https:\/\/wandilsonramalho.com.br\/blog\/index.php?rest_route=\/wp\/v2\/posts\/2145","targetHints":{"allow":["GET"]}}],"collection":[{"href":"https:\/\/wandilsonramalho.com.br\/blog\/index.php?rest_route=\/wp\/v2\/posts"}],"about":[{"href":"https:\/\/wandilsonramalho.com.br\/blog\/index.php?rest_route=\/wp\/v2\/types\/post"}],"author":[{"embeddable":true,"href":"https:\/\/wandilsonramalho.com.br\/blog\/index.php?rest_route=\/wp\/v2\/users\/2"}],"replies":[{"embeddable":true,"href":"https:\/\/wandilsonramalho.com.br\/blog\/index.php?rest_route=%2Fwp%2Fv2%2Fcomments&post=2145"}],"version-history":[{"count":1,"href":"https:\/\/wandilsonramalho.com.br\/blog\/index.php?rest_route=\/wp\/v2\/posts\/2145\/revisions"}],"predecessor-version":[{"id":2147,"href":"https:\/\/wandilsonramalho.com.br\/blog\/index.php?rest_route=\/wp\/v2\/posts\/2145\/revisions\/2147"}],"wp:featuredmedia":[{"embeddable":true,"href":"https:\/\/wandilsonramalho.com.br\/blog\/index.php?rest_route=\/wp\/v2\/media\/2146"}],"wp:attachment":[{"href":"https:\/\/wandilsonramalho.com.br\/blog\/index.php?rest_route=%2Fwp%2Fv2%2Fmedia&parent=2145"}],"wp:term":[{"taxonomy":"category","embeddable":true,"href":"https:\/\/wandilsonramalho.com.br\/blog\/index.php?rest_route=%2Fwp%2Fv2%2Fcategories&post=2145"},{"taxonomy":"post_tag","embeddable":true,"href":"https:\/\/wandilsonramalho.com.br\/blog\/index.php?rest_route=%2Fwp%2Fv2%2Ftags&post=2145"}],"curies":[{"name":"wp","href":"https:\/\/api.w.org\/{rel}","templated":true}]}}