{"id":2142,"date":"2020-02-20T08:25:06","date_gmt":"2020-02-20T11:25:06","guid":{"rendered":"https:\/\/wandilsonramalho.com.br\/blog\/?p=2142"},"modified":"2020-02-20T08:25:09","modified_gmt":"2020-02-20T11:25:09","slug":"literatura-de-cordel","status":"publish","type":"post","link":"https:\/\/wandilsonramalho.com.br\/blog\/?p=2142","title":{"rendered":"literatura de cordel"},"content":{"rendered":"\n<p>Erialdo Rebou\u00e7as participou\u00a0 do IV F\u00f3rum Nacional de Di\u00e1logos e Pr\u00e1ticas Interprofissionais em Sa\u00fade (FONDIPIS)na UFERSA \/Mossor\u00f3 .<\/p>\n\n\n\n<p> Erialdo Rebou\u00e7as apresentou seu trabalho em cordel sobre \u201cLiteratura de Cordel e a Democratiza\u00e7\u00e3o do acesso \u00e0 informa\u00e7\u00e3o em Campanhas de S\u00e1ude P\u00fablica \u201ce foi aceito com louvor para ser apresentado no 14 Congresso Internacional Rede Unida em agosto em Niter\u00f3i (RJ), sobre o tema \u201cSa\u00fade \u00e9 vida em Resist\u00eancia: tra\u00e7ando caminhos com o SUS\u201d. <\/p>\n\n\n\n<p>O encontro \u00e9 uma oportunidade para compartilhar experi\u00eancias de vida, trabalho e vis\u00e3o de mundo.<\/p>\n\n\n\n<p>Aplausos , Erialdo e sucesso . <\/p>\n","protected":false},"excerpt":{"rendered":"<p>Erialdo Rebou\u00e7as participou\u00a0 do IV F\u00f3rum Nacional de Di\u00e1logos e Pr\u00e1ticas Interprofissionais em Sa\u00fade (FONDIPIS)na UFERSA \/Mossor\u00f3 . Erialdo Rebou\u00e7as apresentou seu trabalho em cordel sobre \u201cLiteratura de Cordel e a Democratiza\u00e7\u00e3o do acesso \u00e0 informa\u00e7\u00e3o em Campanhas de S\u00e1ude P\u00fablica \u201ce foi aceito com louvor para ser apresentado no 14 Congresso Internacional Rede Unida <a href=\"https:\/\/wandilsonramalho.com.br\/blog\/?p=2142\">&#8230;<\/a><\/p>\n","protected":false},"author":2,"featured_media":2143,"comment_status":"open","ping_status":"open","sticky":false,"template":"","format":"standard","meta":{"_jetpack_memberships_contains_paid_content":false,"footnotes":""},"categories":[29],"tags":[],"class_list":["post-2142","post","type-post","status-publish","format-standard","has-post-thumbnail","hentry","category-gente-chique"],"jetpack_featured_media_url":"https:\/\/i0.wp.com\/wandilsonramalho.com.br\/blog\/wp-content\/uploads\/2020\/02\/13934589_10202096829139923_5233107710311096000_n.jpg?fit=693%2C699&ssl=1","jetpack_sharing_enabled":true,"_links":{"self":[{"href":"https:\/\/wandilsonramalho.com.br\/blog\/index.php?rest_route=\/wp\/v2\/posts\/2142","targetHints":{"allow":["GET"]}}],"collection":[{"href":"https:\/\/wandilsonramalho.com.br\/blog\/index.php?rest_route=\/wp\/v2\/posts"}],"about":[{"href":"https:\/\/wandilsonramalho.com.br\/blog\/index.php?rest_route=\/wp\/v2\/types\/post"}],"author":[{"embeddable":true,"href":"https:\/\/wandilsonramalho.com.br\/blog\/index.php?rest_route=\/wp\/v2\/users\/2"}],"replies":[{"embeddable":true,"href":"https:\/\/wandilsonramalho.com.br\/blog\/index.php?rest_route=%2Fwp%2Fv2%2Fcomments&post=2142"}],"version-history":[{"count":1,"href":"https:\/\/wandilsonramalho.com.br\/blog\/index.php?rest_route=\/wp\/v2\/posts\/2142\/revisions"}],"predecessor-version":[{"id":2144,"href":"https:\/\/wandilsonramalho.com.br\/blog\/index.php?rest_route=\/wp\/v2\/posts\/2142\/revisions\/2144"}],"wp:featuredmedia":[{"embeddable":true,"href":"https:\/\/wandilsonramalho.com.br\/blog\/index.php?rest_route=\/wp\/v2\/media\/2143"}],"wp:attachment":[{"href":"https:\/\/wandilsonramalho.com.br\/blog\/index.php?rest_route=%2Fwp%2Fv2%2Fmedia&parent=2142"}],"wp:term":[{"taxonomy":"category","embeddable":true,"href":"https:\/\/wandilsonramalho.com.br\/blog\/index.php?rest_route=%2Fwp%2Fv2%2Fcategories&post=2142"},{"taxonomy":"post_tag","embeddable":true,"href":"https:\/\/wandilsonramalho.com.br\/blog\/index.php?rest_route=%2Fwp%2Fv2%2Ftags&post=2142"}],"curies":[{"name":"wp","href":"https:\/\/api.w.org\/{rel}","templated":true}]}}