{"id":2139,"date":"2020-02-20T08:21:44","date_gmt":"2020-02-20T11:21:44","guid":{"rendered":"https:\/\/wandilsonramalho.com.br\/blog\/?p=2139"},"modified":"2020-02-20T08:21:47","modified_gmt":"2020-02-20T11:21:47","slug":"abertura-de-jornada-pedagogica","status":"publish","type":"post","link":"https:\/\/wandilsonramalho.com.br\/blog\/?p=2139","title":{"rendered":"Abertura de Jornada pedag\u00f3gica"},"content":{"rendered":"\n<p>Foi sucesso a abertura da Semana pedag\u00f3gica aqui em Cara\u00fabas Campus UFERSA onde reuniu os educadores , funcion\u00e1rios municipais , estaduais e particulares . <\/p>\n\n\n\n<p>A professora Bruna Alves proporcionou um momento de relaxamento e descontra\u00e7\u00e3o com os professores. Ap\u00f3s a abertura oficial aconteceu uma palestra sobre \u00a0Educar: Potencializar Compet\u00eancias com efici\u00eancia. Articulando conhecimentos para consolidar o curr\u00edculo potiguar, sob a responsabilidade da mestranda Socorro Malaquias Pinheiro \u201cHelp Malaquias\u201d.<\/p>\n","protected":false},"excerpt":{"rendered":"<p>Foi sucesso a abertura da Semana pedag\u00f3gica aqui em Cara\u00fabas Campus UFERSA onde reuniu os educadores , funcion\u00e1rios municipais , estaduais e particulares . A professora Bruna Alves proporcionou um momento de relaxamento e descontra\u00e7\u00e3o com os professores. Ap\u00f3s a abertura oficial aconteceu uma palestra sobre \u00a0Educar: Potencializar Compet\u00eancias com efici\u00eancia. Articulando conhecimentos para consolidar <a href=\"https:\/\/wandilsonramalho.com.br\/blog\/?p=2139\">&#8230;<\/a><\/p>\n","protected":false},"author":2,"featured_media":2140,"comment_status":"open","ping_status":"open","sticky":false,"template":"","format":"standard","meta":{"_jetpack_memberships_contains_paid_content":false,"footnotes":""},"categories":[18],"tags":[],"class_list":["post-2139","post","type-post","status-publish","format-standard","has-post-thumbnail","hentry","category-caraubas"],"jetpack_featured_media_url":"https:\/\/i0.wp.com\/wandilsonramalho.com.br\/blog\/wp-content\/uploads\/2020\/02\/f02-juninho.jpg?fit=641%2C427&ssl=1","jetpack_sharing_enabled":true,"_links":{"self":[{"href":"https:\/\/wandilsonramalho.com.br\/blog\/index.php?rest_route=\/wp\/v2\/posts\/2139","targetHints":{"allow":["GET"]}}],"collection":[{"href":"https:\/\/wandilsonramalho.com.br\/blog\/index.php?rest_route=\/wp\/v2\/posts"}],"about":[{"href":"https:\/\/wandilsonramalho.com.br\/blog\/index.php?rest_route=\/wp\/v2\/types\/post"}],"author":[{"embeddable":true,"href":"https:\/\/wandilsonramalho.com.br\/blog\/index.php?rest_route=\/wp\/v2\/users\/2"}],"replies":[{"embeddable":true,"href":"https:\/\/wandilsonramalho.com.br\/blog\/index.php?rest_route=%2Fwp%2Fv2%2Fcomments&post=2139"}],"version-history":[{"count":1,"href":"https:\/\/wandilsonramalho.com.br\/blog\/index.php?rest_route=\/wp\/v2\/posts\/2139\/revisions"}],"predecessor-version":[{"id":2141,"href":"https:\/\/wandilsonramalho.com.br\/blog\/index.php?rest_route=\/wp\/v2\/posts\/2139\/revisions\/2141"}],"wp:featuredmedia":[{"embeddable":true,"href":"https:\/\/wandilsonramalho.com.br\/blog\/index.php?rest_route=\/wp\/v2\/media\/2140"}],"wp:attachment":[{"href":"https:\/\/wandilsonramalho.com.br\/blog\/index.php?rest_route=%2Fwp%2Fv2%2Fmedia&parent=2139"}],"wp:term":[{"taxonomy":"category","embeddable":true,"href":"https:\/\/wandilsonramalho.com.br\/blog\/index.php?rest_route=%2Fwp%2Fv2%2Fcategories&post=2139"},{"taxonomy":"post_tag","embeddable":true,"href":"https:\/\/wandilsonramalho.com.br\/blog\/index.php?rest_route=%2Fwp%2Fv2%2Ftags&post=2139"}],"curies":[{"name":"wp","href":"https:\/\/api.w.org\/{rel}","templated":true}]}}