{"id":2136,"date":"2020-02-20T08:19:41","date_gmt":"2020-02-20T11:19:41","guid":{"rendered":"https:\/\/wandilsonramalho.com.br\/blog\/?p=2136"},"modified":"2020-02-20T08:19:44","modified_gmt":"2020-02-20T11:19:44","slug":"abertura-da-sessao-legislativa","status":"publish","type":"post","link":"https:\/\/wandilsonramalho.com.br\/blog\/?p=2136","title":{"rendered":"Abertura da sess\u00e3o legislativa"},"content":{"rendered":"\n<p>O Presidente da C\u00e2mara Jos\u00e9 Maria Alves enviando convite para a Abertura da Sess\u00e3o Legislativa 2020 que acontece hoje no Pal\u00e1cio Antonino Benevides \u00e0s 15h30 . Nesta 4\u00aa sess\u00e3o legislativa da legislatura 2017\/2020 o prefeito Antonio Alves da Silva far\u00e1 a leitura da mensagem anual do poder executivo \u00a0. <\/p>\n\n\n\n<p>Gratos  , presidente !<\/p>\n","protected":false},"excerpt":{"rendered":"<p>O Presidente da C\u00e2mara Jos\u00e9 Maria Alves enviando convite para a Abertura da Sess\u00e3o Legislativa 2020 que acontece hoje no Pal\u00e1cio Antonino Benevides \u00e0s 15h30 . Nesta 4\u00aa sess\u00e3o legislativa da legislatura 2017\/2020 o prefeito Antonio Alves da Silva far\u00e1 a leitura da mensagem anual do poder executivo \u00a0. Gratos , presidente ! <a href=\"https:\/\/wandilsonramalho.com.br\/blog\/?p=2136\">&#8230;<\/a><\/p>\n","protected":false},"author":2,"featured_media":2137,"comment_status":"open","ping_status":"open","sticky":false,"template":"","format":"standard","meta":{"_jetpack_memberships_contains_paid_content":false,"footnotes":""},"categories":[18],"tags":[],"class_list":["post-2136","post","type-post","status-publish","format-standard","has-post-thumbnail","hentry","category-caraubas"],"jetpack_featured_media_url":"https:\/\/i0.wp.com\/wandilsonramalho.com.br\/blog\/wp-content\/uploads\/2020\/02\/f01-zeca.jpg?fit=576%2C576&ssl=1","jetpack_sharing_enabled":true,"_links":{"self":[{"href":"https:\/\/wandilsonramalho.com.br\/blog\/index.php?rest_route=\/wp\/v2\/posts\/2136","targetHints":{"allow":["GET"]}}],"collection":[{"href":"https:\/\/wandilsonramalho.com.br\/blog\/index.php?rest_route=\/wp\/v2\/posts"}],"about":[{"href":"https:\/\/wandilsonramalho.com.br\/blog\/index.php?rest_route=\/wp\/v2\/types\/post"}],"author":[{"embeddable":true,"href":"https:\/\/wandilsonramalho.com.br\/blog\/index.php?rest_route=\/wp\/v2\/users\/2"}],"replies":[{"embeddable":true,"href":"https:\/\/wandilsonramalho.com.br\/blog\/index.php?rest_route=%2Fwp%2Fv2%2Fcomments&post=2136"}],"version-history":[{"count":1,"href":"https:\/\/wandilsonramalho.com.br\/blog\/index.php?rest_route=\/wp\/v2\/posts\/2136\/revisions"}],"predecessor-version":[{"id":2138,"href":"https:\/\/wandilsonramalho.com.br\/blog\/index.php?rest_route=\/wp\/v2\/posts\/2136\/revisions\/2138"}],"wp:featuredmedia":[{"embeddable":true,"href":"https:\/\/wandilsonramalho.com.br\/blog\/index.php?rest_route=\/wp\/v2\/media\/2137"}],"wp:attachment":[{"href":"https:\/\/wandilsonramalho.com.br\/blog\/index.php?rest_route=%2Fwp%2Fv2%2Fmedia&parent=2136"}],"wp:term":[{"taxonomy":"category","embeddable":true,"href":"https:\/\/wandilsonramalho.com.br\/blog\/index.php?rest_route=%2Fwp%2Fv2%2Fcategories&post=2136"},{"taxonomy":"post_tag","embeddable":true,"href":"https:\/\/wandilsonramalho.com.br\/blog\/index.php?rest_route=%2Fwp%2Fv2%2Ftags&post=2136"}],"curies":[{"name":"wp","href":"https:\/\/api.w.org\/{rel}","templated":true}]}}