{"id":2085,"date":"2020-02-18T01:56:00","date_gmt":"2020-02-18T04:56:00","guid":{"rendered":"https:\/\/wandilsonramalho.com.br\/blog\/?p=2085"},"modified":"2020-02-17T20:01:13","modified_gmt":"2020-02-17T23:01:13","slug":"jornada-pedagogica","status":"publish","type":"post","link":"https:\/\/wandilsonramalho.com.br\/blog\/?p=2085","title":{"rendered":"jornada pedag\u00f3gica"},"content":{"rendered":"\n<p>A Jornada Pedag\u00f3gica da Prefeitura Municipal de Cara\u00fabas, atrav\u00e9s da Secretaria Municipal de Educa\u00e7\u00e3o, em parceria com a 13\u00aa DIREC e o Governo do Estado do Rio Grande do Norte, acontecer\u00e1 de 18 (hoje) at\u00e9 o dia 21 deste\u00a0 no Campus da UFERSA\u00a0 Cara\u00fabas\/RN, tendo \u00a0como tem\u00e1tica e palestra de abertura: \u201cEDUCAR: Potencializar COMPET\u00caNCIAS com efici\u00eancia. Articulando conhecimentos para consolidar o Curr\u00edculo Potiguar\u201d.<\/p>\n\n\n\n<p>Todos juntos para discutir os caminhos da educa\u00e7\u00e3o ano 2020 em nossa cidade.\u00d3timo !!<\/p>\n","protected":false},"excerpt":{"rendered":"<p>A Jornada Pedag\u00f3gica da Prefeitura Municipal de Cara\u00fabas, atrav\u00e9s da Secretaria Municipal de Educa\u00e7\u00e3o, em parceria com a 13\u00aa DIREC e o Governo do Estado do Rio Grande do Norte, acontecer\u00e1 de 18 (hoje) at\u00e9 o dia 21 deste\u00a0 no Campus da UFERSA\u00a0 Cara\u00fabas\/RN, tendo \u00a0como tem\u00e1tica e palestra de abertura: \u201cEDUCAR: Potencializar COMPET\u00caNCIAS com <a href=\"https:\/\/wandilsonramalho.com.br\/blog\/?p=2085\">&#8230;<\/a><\/p>\n","protected":false},"author":2,"featured_media":2086,"comment_status":"open","ping_status":"open","sticky":false,"template":"","format":"standard","meta":{"_jetpack_memberships_contains_paid_content":false,"footnotes":""},"categories":[18],"tags":[],"class_list":["post-2085","post","type-post","status-publish","format-standard","has-post-thumbnail","hentry","category-caraubas"],"jetpack_featured_media_url":"https:\/\/i0.wp.com\/wandilsonramalho.com.br\/blog\/wp-content\/uploads\/2020\/02\/Jornada-pedag%C3%B3gica.jpeg?fit=1280%2C1280&ssl=1","jetpack_sharing_enabled":true,"_links":{"self":[{"href":"https:\/\/wandilsonramalho.com.br\/blog\/index.php?rest_route=\/wp\/v2\/posts\/2085","targetHints":{"allow":["GET"]}}],"collection":[{"href":"https:\/\/wandilsonramalho.com.br\/blog\/index.php?rest_route=\/wp\/v2\/posts"}],"about":[{"href":"https:\/\/wandilsonramalho.com.br\/blog\/index.php?rest_route=\/wp\/v2\/types\/post"}],"author":[{"embeddable":true,"href":"https:\/\/wandilsonramalho.com.br\/blog\/index.php?rest_route=\/wp\/v2\/users\/2"}],"replies":[{"embeddable":true,"href":"https:\/\/wandilsonramalho.com.br\/blog\/index.php?rest_route=%2Fwp%2Fv2%2Fcomments&post=2085"}],"version-history":[{"count":1,"href":"https:\/\/wandilsonramalho.com.br\/blog\/index.php?rest_route=\/wp\/v2\/posts\/2085\/revisions"}],"predecessor-version":[{"id":2087,"href":"https:\/\/wandilsonramalho.com.br\/blog\/index.php?rest_route=\/wp\/v2\/posts\/2085\/revisions\/2087"}],"wp:featuredmedia":[{"embeddable":true,"href":"https:\/\/wandilsonramalho.com.br\/blog\/index.php?rest_route=\/wp\/v2\/media\/2086"}],"wp:attachment":[{"href":"https:\/\/wandilsonramalho.com.br\/blog\/index.php?rest_route=%2Fwp%2Fv2%2Fmedia&parent=2085"}],"wp:term":[{"taxonomy":"category","embeddable":true,"href":"https:\/\/wandilsonramalho.com.br\/blog\/index.php?rest_route=%2Fwp%2Fv2%2Fcategories&post=2085"},{"taxonomy":"post_tag","embeddable":true,"href":"https:\/\/wandilsonramalho.com.br\/blog\/index.php?rest_route=%2Fwp%2Fv2%2Ftags&post=2085"}],"curies":[{"name":"wp","href":"https:\/\/api.w.org\/{rel}","templated":true}]}}