{"id":2062,"date":"2020-02-16T07:32:49","date_gmt":"2020-02-16T10:32:49","guid":{"rendered":"https:\/\/wandilsonramalho.com.br\/blog\/?p=2062"},"modified":"2020-02-16T07:37:32","modified_gmt":"2020-02-16T10:37:32","slug":"raquel-gurgel-celebra-a-vida-tim-tim","status":"publish","type":"post","link":"https:\/\/wandilsonramalho.com.br\/blog\/?p=2062","title":{"rendered":"A LINDA E INTELIGENTE RAQUEL GURGEL CELEBRA A VIDA .."},"content":{"rendered":"\n<p>A nossa sobrinha -filha Raquel Gurgel celebra a vida ..<\/p>\n\n\n\n<p>16 de fevereiro \u00e9 uma data especial para n\u00f3s .<\/p>\n\n\n\n<p>Enfermeira e coreografa do Dan\u00e7art faz com amor e compet\u00eancia os seus trabalhos .<\/p>\n\n\n\n<p>Linda, meiga, feliz, honrada, amiga, <\/p>\n","protected":false},"excerpt":{"rendered":"<p>A nossa sobrinha -filha Raquel Gurgel celebra a vida .. 16 de fevereiro \u00e9 uma data especial para n\u00f3s . Enfermeira e coreografa do Dan\u00e7art faz com amor e compet\u00eancia os seus trabalhos . Linda, meiga, feliz, honrada, amiga, <a href=\"https:\/\/wandilsonramalho.com.br\/blog\/?p=2062\">&#8230;<\/a><\/p>\n","protected":false},"author":2,"featured_media":2065,"comment_status":"open","ping_status":"open","sticky":false,"template":"","format":"standard","meta":{"_jetpack_memberships_contains_paid_content":false,"footnotes":""},"categories":[22],"tags":[],"class_list":["post-2062","post","type-post","status-publish","format-standard","has-post-thumbnail","hentry","category-aniversariantes"],"jetpack_featured_media_url":"https:\/\/i0.wp.com\/wandilsonramalho.com.br\/blog\/wp-content\/uploads\/2020\/02\/52774162_2131524183599197_6580102219180277760_o.jpg?fit=592%2C480&ssl=1","jetpack_sharing_enabled":true,"_links":{"self":[{"href":"https:\/\/wandilsonramalho.com.br\/blog\/index.php?rest_route=\/wp\/v2\/posts\/2062","targetHints":{"allow":["GET"]}}],"collection":[{"href":"https:\/\/wandilsonramalho.com.br\/blog\/index.php?rest_route=\/wp\/v2\/posts"}],"about":[{"href":"https:\/\/wandilsonramalho.com.br\/blog\/index.php?rest_route=\/wp\/v2\/types\/post"}],"author":[{"embeddable":true,"href":"https:\/\/wandilsonramalho.com.br\/blog\/index.php?rest_route=\/wp\/v2\/users\/2"}],"replies":[{"embeddable":true,"href":"https:\/\/wandilsonramalho.com.br\/blog\/index.php?rest_route=%2Fwp%2Fv2%2Fcomments&post=2062"}],"version-history":[{"count":2,"href":"https:\/\/wandilsonramalho.com.br\/blog\/index.php?rest_route=\/wp\/v2\/posts\/2062\/revisions"}],"predecessor-version":[{"id":2066,"href":"https:\/\/wandilsonramalho.com.br\/blog\/index.php?rest_route=\/wp\/v2\/posts\/2062\/revisions\/2066"}],"wp:featuredmedia":[{"embeddable":true,"href":"https:\/\/wandilsonramalho.com.br\/blog\/index.php?rest_route=\/wp\/v2\/media\/2065"}],"wp:attachment":[{"href":"https:\/\/wandilsonramalho.com.br\/blog\/index.php?rest_route=%2Fwp%2Fv2%2Fmedia&parent=2062"}],"wp:term":[{"taxonomy":"category","embeddable":true,"href":"https:\/\/wandilsonramalho.com.br\/blog\/index.php?rest_route=%2Fwp%2Fv2%2Fcategories&post=2062"},{"taxonomy":"post_tag","embeddable":true,"href":"https:\/\/wandilsonramalho.com.br\/blog\/index.php?rest_route=%2Fwp%2Fv2%2Ftags&post=2062"}],"curies":[{"name":"wp","href":"https:\/\/api.w.org\/{rel}","templated":true}]}}