{"id":2026,"date":"2020-02-15T12:48:58","date_gmt":"2020-02-15T15:48:58","guid":{"rendered":"https:\/\/wandilsonramalho.com.br\/blog\/?p=2026"},"modified":"2020-02-15T12:58:01","modified_gmt":"2020-02-15T15:58:01","slug":"baile-gala-de-ana-beatriz-pontes-nunes-ferreira","status":"publish","type":"post","link":"https:\/\/wandilsonramalho.com.br\/blog\/?p=2026","title":{"rendered":"baile gala de ana beatriz pontes nunes ferreira.."},"content":{"rendered":"\n<p>\u00c9 festa, \u00e9 alegria, \u00e9 fam\u00edlia reunida , para brindar a conquista da formanda em Direito Ana Beatriz Pontes Nunes Ferreira a sobrinha filha do colunista meu amigo Lisboa Batista que hoje fecha com chave de ouro as solenidades de sua cola\u00e7\u00e3o de grau com o Baile de Gala . Mais&nbsp; uma vez agrade\u00e7o o honroso&nbsp; convite. Aplausos , Ana Beatriz .<\/p>\n","protected":false},"excerpt":{"rendered":"<p>\u00c9 festa, \u00e9 alegria, \u00e9 fam\u00edlia reunida , para brindar a conquista da formanda em Direito Ana Beatriz Pontes Nunes Ferreira a sobrinha filha do colunista meu amigo Lisboa Batista que hoje fecha com chave de ouro as solenidades de sua cola\u00e7\u00e3o de grau com o Baile de Gala . Mais&nbsp; uma vez agrade\u00e7o o <a href=\"https:\/\/wandilsonramalho.com.br\/blog\/?p=2026\">&#8230;<\/a><\/p>\n","protected":false},"author":2,"featured_media":2034,"comment_status":"open","ping_status":"open","sticky":false,"template":"","format":"standard","meta":{"_jetpack_memberships_contains_paid_content":false,"footnotes":""},"categories":[29],"tags":[],"class_list":["post-2026","post","type-post","status-publish","format-standard","has-post-thumbnail","hentry","category-gente-chique"],"jetpack_featured_media_url":"https:\/\/i0.wp.com\/wandilsonramalho.com.br\/blog\/wp-content\/uploads\/2020\/02\/86355171_1680208095452192_3443456576067731456_o-4.jpg?fit=480%2C498&ssl=1","jetpack_sharing_enabled":true,"_links":{"self":[{"href":"https:\/\/wandilsonramalho.com.br\/blog\/index.php?rest_route=\/wp\/v2\/posts\/2026","targetHints":{"allow":["GET"]}}],"collection":[{"href":"https:\/\/wandilsonramalho.com.br\/blog\/index.php?rest_route=\/wp\/v2\/posts"}],"about":[{"href":"https:\/\/wandilsonramalho.com.br\/blog\/index.php?rest_route=\/wp\/v2\/types\/post"}],"author":[{"embeddable":true,"href":"https:\/\/wandilsonramalho.com.br\/blog\/index.php?rest_route=\/wp\/v2\/users\/2"}],"replies":[{"embeddable":true,"href":"https:\/\/wandilsonramalho.com.br\/blog\/index.php?rest_route=%2Fwp%2Fv2%2Fcomments&post=2026"}],"version-history":[{"count":2,"href":"https:\/\/wandilsonramalho.com.br\/blog\/index.php?rest_route=\/wp\/v2\/posts\/2026\/revisions"}],"predecessor-version":[{"id":2030,"href":"https:\/\/wandilsonramalho.com.br\/blog\/index.php?rest_route=\/wp\/v2\/posts\/2026\/revisions\/2030"}],"wp:featuredmedia":[{"embeddable":true,"href":"https:\/\/wandilsonramalho.com.br\/blog\/index.php?rest_route=\/wp\/v2\/media\/2034"}],"wp:attachment":[{"href":"https:\/\/wandilsonramalho.com.br\/blog\/index.php?rest_route=%2Fwp%2Fv2%2Fmedia&parent=2026"}],"wp:term":[{"taxonomy":"category","embeddable":true,"href":"https:\/\/wandilsonramalho.com.br\/blog\/index.php?rest_route=%2Fwp%2Fv2%2Fcategories&post=2026"},{"taxonomy":"post_tag","embeddable":true,"href":"https:\/\/wandilsonramalho.com.br\/blog\/index.php?rest_route=%2Fwp%2Fv2%2Ftags&post=2026"}],"curies":[{"name":"wp","href":"https:\/\/api.w.org\/{rel}","templated":true}]}}