{"id":1995,"date":"2020-02-14T00:37:00","date_gmt":"2020-02-14T03:37:00","guid":{"rendered":"https:\/\/wandilsonramalho.com.br\/blog\/?p=1995"},"modified":"2020-02-13T17:40:11","modified_gmt":"2020-02-13T20:40:11","slug":"carnaval-legal-do-instituto","status":"publish","type":"post","link":"https:\/\/wandilsonramalho.com.br\/blog\/?p=1995","title":{"rendered":"carnaval legal do instituto .."},"content":{"rendered":"\n<p>Aten\u00e7\u00e3o , papais do Instituto Nossa Senhora do Perp\u00e9tuo Socorro , preparem a fantasia da crian\u00e7ada e curtam juntos o Carnaval Legal da escola do seu filho que acontece dia 21 sexta feira na \u00e1rea de lazer da Ma\u00e7onaria\u00a0 a partir das 17 horas . Muito brilho, muita anima\u00e7\u00e3o e com certeza cair na folia . <\/p>\n","protected":false},"excerpt":{"rendered":"<p>Aten\u00e7\u00e3o , papais do Instituto Nossa Senhora do Perp\u00e9tuo Socorro , preparem a fantasia da crian\u00e7ada e curtam juntos o Carnaval Legal da escola do seu filho que acontece dia 21 sexta feira na \u00e1rea de lazer da Ma\u00e7onaria\u00a0 a partir das 17 horas . Muito brilho, muita anima\u00e7\u00e3o e com certeza cair na folia <a href=\"https:\/\/wandilsonramalho.com.br\/blog\/?p=1995\">&#8230;<\/a><\/p>\n","protected":false},"author":2,"featured_media":1996,"comment_status":"open","ping_status":"open","sticky":false,"template":"","format":"standard","meta":{"_jetpack_memberships_contains_paid_content":false,"footnotes":""},"categories":[30],"tags":[],"class_list":["post-1995","post","type-post","status-publish","format-standard","has-post-thumbnail","hentry","category-avisos"],"jetpack_featured_media_url":"https:\/\/i0.wp.com\/wandilsonramalho.com.br\/blog\/wp-content\/uploads\/2020\/02\/inst.jpg?fit=612%2C699&ssl=1","jetpack_sharing_enabled":true,"_links":{"self":[{"href":"https:\/\/wandilsonramalho.com.br\/blog\/index.php?rest_route=\/wp\/v2\/posts\/1995","targetHints":{"allow":["GET"]}}],"collection":[{"href":"https:\/\/wandilsonramalho.com.br\/blog\/index.php?rest_route=\/wp\/v2\/posts"}],"about":[{"href":"https:\/\/wandilsonramalho.com.br\/blog\/index.php?rest_route=\/wp\/v2\/types\/post"}],"author":[{"embeddable":true,"href":"https:\/\/wandilsonramalho.com.br\/blog\/index.php?rest_route=\/wp\/v2\/users\/2"}],"replies":[{"embeddable":true,"href":"https:\/\/wandilsonramalho.com.br\/blog\/index.php?rest_route=%2Fwp%2Fv2%2Fcomments&post=1995"}],"version-history":[{"count":1,"href":"https:\/\/wandilsonramalho.com.br\/blog\/index.php?rest_route=\/wp\/v2\/posts\/1995\/revisions"}],"predecessor-version":[{"id":1997,"href":"https:\/\/wandilsonramalho.com.br\/blog\/index.php?rest_route=\/wp\/v2\/posts\/1995\/revisions\/1997"}],"wp:featuredmedia":[{"embeddable":true,"href":"https:\/\/wandilsonramalho.com.br\/blog\/index.php?rest_route=\/wp\/v2\/media\/1996"}],"wp:attachment":[{"href":"https:\/\/wandilsonramalho.com.br\/blog\/index.php?rest_route=%2Fwp%2Fv2%2Fmedia&parent=1995"}],"wp:term":[{"taxonomy":"category","embeddable":true,"href":"https:\/\/wandilsonramalho.com.br\/blog\/index.php?rest_route=%2Fwp%2Fv2%2Fcategories&post=1995"},{"taxonomy":"post_tag","embeddable":true,"href":"https:\/\/wandilsonramalho.com.br\/blog\/index.php?rest_route=%2Fwp%2Fv2%2Ftags&post=1995"}],"curies":[{"name":"wp","href":"https:\/\/api.w.org\/{rel}","templated":true}]}}