{"id":1992,"date":"2020-02-14T01:33:00","date_gmt":"2020-02-14T04:33:00","guid":{"rendered":"https:\/\/wandilsonramalho.com.br\/blog\/?p=1992"},"modified":"2020-02-14T07:35:15","modified_gmt":"2020-02-14T10:35:15","slug":"vamos-a-feira-da-lua","status":"publish","type":"post","link":"https:\/\/wandilsonramalho.com.br\/blog\/?p=1992","title":{"rendered":"vamos a feira da lua!!"},"content":{"rendered":"\n<p>A Secret\u00e1ria de Planejamento, Josilene Ferreira j\u00e1 anunciou que amanh\u00e3 15 acontece a 11\u00aa Feira da Lua na Pra\u00e7a de Eventos&nbsp; com a previa carnavalesca com anima\u00e7\u00e3o de Marcelo Show&nbsp; e Banda .<\/p>\n\n\n\n<p> A partir das 19 horas os artes\u00e3os e outros expositores estar\u00e3o expondo seus produtos . <\/p>\n\n\n\n<p>Um convite , para se divertir , comprar e reencontrar os amigos . &nbsp;<\/p>\n","protected":false},"excerpt":{"rendered":"<p>A Secret\u00e1ria de Planejamento, Josilene Ferreira j\u00e1 anunciou que amanh\u00e3 15 acontece a 11\u00aa Feira da Lua na Pra\u00e7a de Eventos&nbsp; com a previa carnavalesca com anima\u00e7\u00e3o de Marcelo Show&nbsp; e Banda . A partir das 19 horas os artes\u00e3os e outros expositores estar\u00e3o expondo seus produtos . Um convite , para se divertir , <a href=\"https:\/\/wandilsonramalho.com.br\/blog\/?p=1992\">&#8230;<\/a><\/p>\n","protected":false},"author":2,"featured_media":1993,"comment_status":"open","ping_status":"open","sticky":false,"template":"","format":"standard","meta":{"_jetpack_memberships_contains_paid_content":false,"footnotes":""},"categories":[18],"tags":[],"class_list":["post-1992","post","type-post","status-publish","format-standard","has-post-thumbnail","hentry","category-caraubas"],"jetpack_featured_media_url":"https:\/\/i0.wp.com\/wandilsonramalho.com.br\/blog\/wp-content\/uploads\/2020\/02\/feira.jpg?fit=900%2C1000&ssl=1","jetpack_sharing_enabled":true,"_links":{"self":[{"href":"https:\/\/wandilsonramalho.com.br\/blog\/index.php?rest_route=\/wp\/v2\/posts\/1992","targetHints":{"allow":["GET"]}}],"collection":[{"href":"https:\/\/wandilsonramalho.com.br\/blog\/index.php?rest_route=\/wp\/v2\/posts"}],"about":[{"href":"https:\/\/wandilsonramalho.com.br\/blog\/index.php?rest_route=\/wp\/v2\/types\/post"}],"author":[{"embeddable":true,"href":"https:\/\/wandilsonramalho.com.br\/blog\/index.php?rest_route=\/wp\/v2\/users\/2"}],"replies":[{"embeddable":true,"href":"https:\/\/wandilsonramalho.com.br\/blog\/index.php?rest_route=%2Fwp%2Fv2%2Fcomments&post=1992"}],"version-history":[{"count":2,"href":"https:\/\/wandilsonramalho.com.br\/blog\/index.php?rest_route=\/wp\/v2\/posts\/1992\/revisions"}],"predecessor-version":[{"id":2008,"href":"https:\/\/wandilsonramalho.com.br\/blog\/index.php?rest_route=\/wp\/v2\/posts\/1992\/revisions\/2008"}],"wp:featuredmedia":[{"embeddable":true,"href":"https:\/\/wandilsonramalho.com.br\/blog\/index.php?rest_route=\/wp\/v2\/media\/1993"}],"wp:attachment":[{"href":"https:\/\/wandilsonramalho.com.br\/blog\/index.php?rest_route=%2Fwp%2Fv2%2Fmedia&parent=1992"}],"wp:term":[{"taxonomy":"category","embeddable":true,"href":"https:\/\/wandilsonramalho.com.br\/blog\/index.php?rest_route=%2Fwp%2Fv2%2Fcategories&post=1992"},{"taxonomy":"post_tag","embeddable":true,"href":"https:\/\/wandilsonramalho.com.br\/blog\/index.php?rest_route=%2Fwp%2Fv2%2Ftags&post=1992"}],"curies":[{"name":"wp","href":"https:\/\/api.w.org\/{rel}","templated":true}]}}